{"id":2540,"date":"2026-03-11T08:43:58","date_gmt":"2026-03-11T07:43:58","guid":{"rendered":"https:\/\/silejapon-m-etaitconte.com\/?p=2540"},"modified":"2026-03-11T10:31:37","modified_gmt":"2026-03-11T09:31:37","slug":"mars-2026","status":"publish","type":"post","link":"https:\/\/silejapon-m-etaitconte.com\/index.php\/2026\/03\/11\/mars-2026\/","title":{"rendered":"Mars 2026"},"content":{"rendered":"\n<div class=\"wp-block-media-text is-stacked-on-mobile is-vertically-aligned-top\"><figure class=\"wp-block-media-text__media\"><img loading=\"lazy\" decoding=\"async\" width=\"724\" height=\"1024\" src=\"https:\/\/silejapon-m-etaitconte.com\/wp-content\/uploads\/2026\/03\/260307_affiche-bain-de-foret_Mosset_Col-de-Jau_journee-internationale-de-la-foret_web-724x1024.jpg\" alt=\"\" class=\"wp-image-2541 size-full\" srcset=\"https:\/\/silejapon-m-etaitconte.com\/wp-content\/uploads\/2026\/03\/260307_affiche-bain-de-foret_Mosset_Col-de-Jau_journee-internationale-de-la-foret_web-724x1024.jpg 724w, https:\/\/silejapon-m-etaitconte.com\/wp-content\/uploads\/2026\/03\/260307_affiche-bain-de-foret_Mosset_Col-de-Jau_journee-internationale-de-la-foret_web-212x300.jpg 212w, https:\/\/silejapon-m-etaitconte.com\/wp-content\/uploads\/2026\/03\/260307_affiche-bain-de-foret_Mosset_Col-de-Jau_journee-internationale-de-la-foret_web-768x1086.jpg 768w, https:\/\/silejapon-m-etaitconte.com\/wp-content\/uploads\/2026\/03\/260307_affiche-bain-de-foret_Mosset_Col-de-Jau_journee-internationale-de-la-foret_web-1086x1536.jpg 1086w, https:\/\/silejapon-m-etaitconte.com\/wp-content\/uploads\/2026\/03\/260307_affiche-bain-de-foret_Mosset_Col-de-Jau_journee-internationale-de-la-foret_web.jpg 1403w\" sizes=\"auto, (max-width: 724px) 100vw, 724px\" \/><\/figure><div class=\"wp-block-media-text__content\">\n<p><strong>Dimanche<\/strong> <strong>22 mars \u00e0 Mosset <\/strong>: <strong>Shinrin yoku (bain de for\u00eat) et ha\u00efku<\/strong> <strong>pour la fin de l&rsquo;hiver 2026<\/strong>, guid\u00e9 par Carme de l\u2019association Sours. <\/p>\n\n\n\n<p>Venez d\u00e9couvrir cette discipline japonaise de connexion \u00e0 la nature pour d\u00e9couvrir la for\u00eat \u00e0 travers les sens.<\/p>\n\n\n\n<p>Participation libre \u00e0 partir de 15 euros par personne. Nombre de places limit\u00e9es!<\/p>\n\n\n\n<p>R\u00e9servation : 06 41 24 08 89<br>Carme<br><a href=\"mailto:associationsours@gmail.com\" target=\"_blank\" rel=\"noreferrer noopener\">associationsours@gmail.com<\/a><br><a href=\"http:\/\/associationsours.over-blog.com\" target=\"_blank\" rel=\"noreferrer noopener\">http:\/\/associationsours.over-blog.com<\/a><\/p>\n<\/div><\/div>\n\n\n\n<div class=\"wp-block-media-text is-stacked-on-mobile is-vertically-aligned-top has-background\" style=\"background-color:#fcfbe6\"><figure class=\"wp-block-media-text__media\"><img loading=\"lazy\" decoding=\"async\" width=\"724\" height=\"1024\" src=\"https:\/\/silejapon-m-etaitconte.com\/wp-content\/uploads\/2026\/01\/couleur-famille-2026-724x1024.png\" alt=\"\" class=\"wp-image-2519 size-full\" srcset=\"https:\/\/silejapon-m-etaitconte.com\/wp-content\/uploads\/2026\/01\/couleur-famille-2026-724x1024.png 724w, https:\/\/silejapon-m-etaitconte.com\/wp-content\/uploads\/2026\/01\/couleur-famille-2026-212x300.png 212w, https:\/\/silejapon-m-etaitconte.com\/wp-content\/uploads\/2026\/01\/couleur-famille-2026-768x1086.png 768w, https:\/\/silejapon-m-etaitconte.com\/wp-content\/uploads\/2026\/01\/couleur-famille-2026-1086x1536.png 1086w, https:\/\/silejapon-m-etaitconte.com\/wp-content\/uploads\/2026\/01\/couleur-famille-2026.png 1414w\" sizes=\"auto, (max-width: 724px) 100vw, 724px\" \/><\/figure><div class=\"wp-block-media-text__content\">\n<p><strong>Ateliers de papier japonais avec <\/strong><a href=\"https:\/\/www.facebook.com\/profile.php?id=100088564345438&amp;locale=fr_FR\" target=\"_blank\" rel=\"noreferrer noopener\"><strong>Couleur Famille<\/strong><\/a><\/p>\n\n\n\n<p>\u00ab&nbsp;<strong>Akari, fabrication de lanterne en origami<\/strong>&nbsp;\u00bb <br><strong>le vendredi 13 mars 14h-16h&nbsp;<\/strong><\/p>\n\n\n\n<p>\u00ab&nbsp;<strong>Kamisuki, fabrication de papier<\/strong>&nbsp;\u00bb en imitant la technique ancestrale japonaise<br><strong>le vendredi 27 mars 14h-16h&nbsp;<\/strong><br><\/p>\n\n\n\n<p>Gratuit<br>R\u00e9servation : Couleur Famille &nbsp;: 06 07 06 11 15<\/p>\n<\/div><\/div>\n\n\n\n<p class=\"has-white-color has-dark-gray-background-color has-text-color has-background has-link-color wp-elements-9bcd3b855ccd0dfe1e868d28efa2ed10\">Les ateliers permanents \u00e0 Pessebre<\/p>\n\n\n\n<div class=\"wp-block-columns has-dark-gray-background-color has-background is-layout-flex wp-container-core-columns-is-layout-9d6595d7 wp-block-columns-is-layout-flex\">\n<div class=\"wp-block-column is-layout-flow wp-block-column-is-layout-flow\">\n<figure class=\"wp-block-image\"><a href=\"https:\/\/silejapon-m-etaitconte.com\/index.php\/cours-et-ateliers\/\"><img loading=\"lazy\" decoding=\"async\" width=\"724\" height=\"1024\" src=\"https:\/\/silejapon-m-etaitconte.com\/wp-content\/uploads\/2025\/09\/jeu-de-go-25-26-1-724x1024.png\" alt=\"\" class=\"wp-image-2422\" srcset=\"https:\/\/silejapon-m-etaitconte.com\/wp-content\/uploads\/2025\/09\/jeu-de-go-25-26-1-724x1024.png 724w, https:\/\/silejapon-m-etaitconte.com\/wp-content\/uploads\/2025\/09\/jeu-de-go-25-26-1-212x300.png 212w, https:\/\/silejapon-m-etaitconte.com\/wp-content\/uploads\/2025\/09\/jeu-de-go-25-26-1-768x1086.png 768w, https:\/\/silejapon-m-etaitconte.com\/wp-content\/uploads\/2025\/09\/jeu-de-go-25-26-1-1086x1536.png 1086w, https:\/\/silejapon-m-etaitconte.com\/wp-content\/uploads\/2025\/09\/jeu-de-go-25-26-1.png 1414w\" sizes=\"auto, (max-width: 724px) 100vw, 724px\" \/><\/a><\/figure>\n\n\n\n<p class=\"has-white-color has-text-color has-link-color wp-elements-6b5b4f49f1ed99beedf24ea25d29f06e\">Atelier jeu de go<br>Les mercredis 16h-18h<\/p>\n<\/div>\n\n\n\n<div class=\"wp-block-column is-layout-flow wp-block-column-is-layout-flow\">\n<figure class=\"wp-block-image\"><a href=\"https:\/\/silejapon-m-etaitconte.com\/index.php\/cours-et-ateliers\/\"><img loading=\"lazy\" decoding=\"async\" width=\"724\" height=\"1024\" src=\"https:\/\/silejapon-m-etaitconte.com\/wp-content\/uploads\/2025\/09\/ateliers-manga-yugi-2025-2026-version-16h-18h-1-724x1024.jpg\" alt=\"\" class=\"wp-image-2420\" srcset=\"https:\/\/silejapon-m-etaitconte.com\/wp-content\/uploads\/2025\/09\/ateliers-manga-yugi-2025-2026-version-16h-18h-1-724x1024.jpg 724w, https:\/\/silejapon-m-etaitconte.com\/wp-content\/uploads\/2025\/09\/ateliers-manga-yugi-2025-2026-version-16h-18h-1-212x300.jpg 212w, https:\/\/silejapon-m-etaitconte.com\/wp-content\/uploads\/2025\/09\/ateliers-manga-yugi-2025-2026-version-16h-18h-1-768x1086.jpg 768w, https:\/\/silejapon-m-etaitconte.com\/wp-content\/uploads\/2025\/09\/ateliers-manga-yugi-2025-2026-version-16h-18h-1-1086x1536.jpg 1086w, https:\/\/silejapon-m-etaitconte.com\/wp-content\/uploads\/2025\/09\/ateliers-manga-yugi-2025-2026-version-16h-18h-1-1448x2048.jpg 1448w, https:\/\/silejapon-m-etaitconte.com\/wp-content\/uploads\/2025\/09\/ateliers-manga-yugi-2025-2026-version-16h-18h-1.jpg 1587w\" sizes=\"auto, (max-width: 724px) 100vw, 724px\" \/><\/a><\/figure>\n\n\n\n<p class=\"has-white-color has-text-color has-link-color wp-elements-ebb6335c38b84e4097e5a1b958ff7364\">Atelier Manga de Yugi<br>Les premiers mercredis d\u2019octobre \u00e0 mai 16h-18h<\/p>\n<\/div>\n\n\n\n<div class=\"wp-block-column has-white-color has-text-color has-link-color wp-elements-d8a12dc685629ecd354f6db404694537 is-layout-flow wp-block-column-is-layout-flow\">\n<figure class=\"wp-block-image\"><a href=\"https:\/\/silejapon-m-etaitconte.com\/index.php\/cours-et-ateliers\/\"><img loading=\"lazy\" decoding=\"async\" width=\"724\" height=\"1024\" src=\"https:\/\/silejapon-m-etaitconte.com\/wp-content\/uploads\/2025\/09\/japonais2025-1-724x1024.png\" alt=\"\" class=\"wp-image-2421\" srcset=\"https:\/\/silejapon-m-etaitconte.com\/wp-content\/uploads\/2025\/09\/japonais2025-1-724x1024.png 724w, https:\/\/silejapon-m-etaitconte.com\/wp-content\/uploads\/2025\/09\/japonais2025-1-212x300.png 212w, https:\/\/silejapon-m-etaitconte.com\/wp-content\/uploads\/2025\/09\/japonais2025-1-768x1086.png 768w, https:\/\/silejapon-m-etaitconte.com\/wp-content\/uploads\/2025\/09\/japonais2025-1-1086x1536.png 1086w, https:\/\/silejapon-m-etaitconte.com\/wp-content\/uploads\/2025\/09\/japonais2025-1-1448x2048.png 1448w, https:\/\/silejapon-m-etaitconte.com\/wp-content\/uploads\/2025\/09\/japonais2025-1.png 1587w\" sizes=\"auto, (max-width: 724px) 100vw, 724px\" \/><\/a><\/figure>\n\n\n\n<p>Cours de japonais<br>Les mercredis 14h30-16h<\/p>\n<\/div>\n<\/div>\n\n\n\n<figure class=\"wp-block-gallery has-nested-images columns-default is-cropped wp-block-gallery-1 is-layout-flex wp-block-gallery-is-layout-flex\">\n<figure class=\"wp-block-image size-large\"><img loading=\"lazy\" decoding=\"async\" width=\"1024\" height=\"768\" data-id=\"2545\" src=\"https:\/\/silejapon-m-etaitconte.com\/wp-content\/uploads\/2026\/03\/20260215_134900-Moyen.jpg\" alt=\"\" class=\"wp-image-2545\" srcset=\"https:\/\/silejapon-m-etaitconte.com\/wp-content\/uploads\/2026\/03\/20260215_134900-Moyen.jpg 1024w, https:\/\/silejapon-m-etaitconte.com\/wp-content\/uploads\/2026\/03\/20260215_134900-Moyen-300x225.jpg 300w, https:\/\/silejapon-m-etaitconte.com\/wp-content\/uploads\/2026\/03\/20260215_134900-Moyen-768x576.jpg 768w, https:\/\/silejapon-m-etaitconte.com\/wp-content\/uploads\/2026\/03\/20260215_134900-Moyen-600x450.jpg 600w\" sizes=\"auto, (max-width: 1024px) 100vw, 1024px\" \/><figcaption class=\"wp-element-caption\">Quiz manga \u00e0 l&rsquo;Asian Festival Tattoo Show \u00e0 St-Est\u00e8ve<\/figcaption><\/figure>\n\n\n\n<figure class=\"wp-block-image size-large\"><img loading=\"lazy\" decoding=\"async\" width=\"1024\" height=\"768\" data-id=\"2546\" src=\"https:\/\/silejapon-m-etaitconte.com\/wp-content\/uploads\/2026\/03\/20260215_184307-Moyen.jpg\" alt=\"\" class=\"wp-image-2546\" srcset=\"https:\/\/silejapon-m-etaitconte.com\/wp-content\/uploads\/2026\/03\/20260215_184307-Moyen.jpg 1024w, https:\/\/silejapon-m-etaitconte.com\/wp-content\/uploads\/2026\/03\/20260215_184307-Moyen-300x225.jpg 300w, https:\/\/silejapon-m-etaitconte.com\/wp-content\/uploads\/2026\/03\/20260215_184307-Moyen-768x576.jpg 768w, https:\/\/silejapon-m-etaitconte.com\/wp-content\/uploads\/2026\/03\/20260215_184307-Moyen-600x450.jpg 600w\" sizes=\"auto, (max-width: 1024px) 100vw, 1024px\" \/><figcaption class=\"wp-element-caption\">Expo photo de J\u00e9r\u00f4me \u00e0 l&rsquo;Asian Festival Tattoo Show \u00e0 St-Est\u00e8ve<\/figcaption><\/figure>\n\n\n\n<figure class=\"wp-block-image size-large\"><img loading=\"lazy\" decoding=\"async\" width=\"1024\" height=\"766\" data-id=\"2547\" src=\"https:\/\/silejapon-m-etaitconte.com\/wp-content\/uploads\/2026\/03\/IMG-20260217-WA0005-Moyen-1024x766.jpg\" alt=\"\" class=\"wp-image-2547\" srcset=\"https:\/\/silejapon-m-etaitconte.com\/wp-content\/uploads\/2026\/03\/IMG-20260217-WA0005-Moyen-1024x766.jpg 1024w, https:\/\/silejapon-m-etaitconte.com\/wp-content\/uploads\/2026\/03\/IMG-20260217-WA0005-Moyen-300x224.jpg 300w, https:\/\/silejapon-m-etaitconte.com\/wp-content\/uploads\/2026\/03\/IMG-20260217-WA0005-Moyen-768x574.jpg 768w, https:\/\/silejapon-m-etaitconte.com\/wp-content\/uploads\/2026\/03\/IMG-20260217-WA0005-Moyen-600x450.jpg 600w, https:\/\/silejapon-m-etaitconte.com\/wp-content\/uploads\/2026\/03\/IMG-20260217-WA0005-Moyen.jpg 1027w\" sizes=\"auto, (max-width: 1024px) 100vw, 1024px\" \/><figcaption class=\"wp-element-caption\">Asian Festival Tattoo Show \u00e0 St-Est\u00e8ve<\/figcaption><\/figure>\n\n\n\n<figure class=\"wp-block-image size-large\"><img loading=\"lazy\" decoding=\"async\" width=\"768\" height=\"1024\" data-id=\"2549\" src=\"https:\/\/silejapon-m-etaitconte.com\/wp-content\/uploads\/2026\/03\/20251205_154211-Moyen-rotated.jpg\" alt=\"\" class=\"wp-image-2549\" srcset=\"https:\/\/silejapon-m-etaitconte.com\/wp-content\/uploads\/2026\/03\/20251205_154211-Moyen-rotated.jpg 768w, https:\/\/silejapon-m-etaitconte.com\/wp-content\/uploads\/2026\/03\/20251205_154211-Moyen-225x300.jpg 225w\" sizes=\"auto, (max-width: 768px) 100vw, 768px\" \/><figcaption class=\"wp-element-caption\">Atelier Shod\u00f4 \u00e0 Couleur Famille<\/figcaption><\/figure>\n\n\n\n<figure class=\"wp-block-image size-large\"><img loading=\"lazy\" decoding=\"async\" width=\"768\" height=\"1024\" data-id=\"2554\" src=\"https:\/\/silejapon-m-etaitconte.com\/wp-content\/uploads\/2026\/03\/20251205_154332-Moyen-rotated.jpg\" alt=\"\" class=\"wp-image-2554\" srcset=\"https:\/\/silejapon-m-etaitconte.com\/wp-content\/uploads\/2026\/03\/20251205_154332-Moyen-rotated.jpg 768w, https:\/\/silejapon-m-etaitconte.com\/wp-content\/uploads\/2026\/03\/20251205_154332-Moyen-225x300.jpg 225w\" sizes=\"auto, (max-width: 768px) 100vw, 768px\" \/><figcaption class=\"wp-element-caption\">Atelier Shod\u00f4 \u00e0 Couleur Famille<\/figcaption><\/figure>\n\n\n\n<figure class=\"wp-block-image size-large\"><img loading=\"lazy\" decoding=\"async\" width=\"768\" height=\"1024\" data-id=\"2551\" src=\"https:\/\/silejapon-m-etaitconte.com\/wp-content\/uploads\/2026\/03\/20251219_160610-Moyen-rotated.jpg\" alt=\"\" class=\"wp-image-2551\" srcset=\"https:\/\/silejapon-m-etaitconte.com\/wp-content\/uploads\/2026\/03\/20251219_160610-Moyen-rotated.jpg 768w, https:\/\/silejapon-m-etaitconte.com\/wp-content\/uploads\/2026\/03\/20251219_160610-Moyen-225x300.jpg 225w\" sizes=\"auto, (max-width: 768px) 100vw, 768px\" \/><figcaption class=\"wp-element-caption\">Atelier reliure \u00e0 Couleur Famille<\/figcaption><\/figure>\n\n\n\n<figure class=\"wp-block-image size-large\"><img loading=\"lazy\" decoding=\"async\" width=\"1024\" height=\"768\" data-id=\"2552\" src=\"https:\/\/silejapon-m-etaitconte.com\/wp-content\/uploads\/2026\/03\/20251224_125219-Moyen.jpg\" alt=\"\" class=\"wp-image-2552\" srcset=\"https:\/\/silejapon-m-etaitconte.com\/wp-content\/uploads\/2026\/03\/20251224_125219-Moyen.jpg 1024w, https:\/\/silejapon-m-etaitconte.com\/wp-content\/uploads\/2026\/03\/20251224_125219-Moyen-300x225.jpg 300w, https:\/\/silejapon-m-etaitconte.com\/wp-content\/uploads\/2026\/03\/20251224_125219-Moyen-768x576.jpg 768w, https:\/\/silejapon-m-etaitconte.com\/wp-content\/uploads\/2026\/03\/20251224_125219-Moyen-600x450.jpg 600w\" sizes=\"auto, (max-width: 1024px) 100vw, 1024px\" \/><figcaption class=\"wp-element-caption\">Atelier reliure \u00e0 Couleur Famille<\/figcaption><\/figure>\n\n\n\n<figure class=\"wp-block-image size-large\"><img loading=\"lazy\" decoding=\"async\" width=\"768\" height=\"1024\" data-id=\"2553\" src=\"https:\/\/silejapon-m-etaitconte.com\/wp-content\/uploads\/2026\/03\/20260116_155747-Moyen-rotated.jpg\" alt=\"\" class=\"wp-image-2553\" srcset=\"https:\/\/silejapon-m-etaitconte.com\/wp-content\/uploads\/2026\/03\/20260116_155747-Moyen-rotated.jpg 768w, https:\/\/silejapon-m-etaitconte.com\/wp-content\/uploads\/2026\/03\/20260116_155747-Moyen-225x300.jpg 225w\" sizes=\"auto, (max-width: 768px) 100vw, 768px\" \/><figcaption class=\"wp-element-caption\">Atelier Hariko \u00e0 Couleur Famille<\/figcaption><\/figure>\n\n\n\n<figure class=\"wp-block-image size-large\"><img loading=\"lazy\" decoding=\"async\" width=\"576\" height=\"768\" data-id=\"2550\" src=\"https:\/\/silejapon-m-etaitconte.com\/wp-content\/uploads\/2026\/03\/20260209_095754-Moyen.jpg\" alt=\"\" class=\"wp-image-2550\" srcset=\"https:\/\/silejapon-m-etaitconte.com\/wp-content\/uploads\/2026\/03\/20260209_095754-Moyen.jpg 576w, https:\/\/silejapon-m-etaitconte.com\/wp-content\/uploads\/2026\/03\/20260209_095754-Moyen-225x300.jpg 225w\" sizes=\"auto, (max-width: 576px) 100vw, 576px\" \/><figcaption class=\"wp-element-caption\">Atelier Hariko \u00e0 Couleur Famille<\/figcaption><\/figure>\n<\/figure>\n\n\n\n<p><\/p>\n","protected":false},"excerpt":{"rendered":"<p>Dimanche 22 mars \u00e0 Mosset : Shinrin yoku (bain de for\u00eat) et ha\u00efku pour la fin de l&rsquo;hiver 2026, guid\u00e9 par Carme de l\u2019association Sours. Venez d\u00e9couvrir cette discipline japonaise de connexion \u00e0 la nature pour d\u00e9couvrir la for\u00eat \u00e0 travers les sens. Participation libre \u00e0 partir de 15 euros par personne. Nombre de places limit\u00e9es! R\u00e9servation : 06 41 24 08 89Carmeassociationsours@gmail.comhttp:\/\/associationsours.over-blog.com Ateliers de papier japonais avec Couleur Famille \u00ab&nbsp;Akari, fabrication de lanterne en origami&nbsp;\u00bb le vendredi 13 mars 14h-16h&nbsp; \u00ab&nbsp;Kamisuki, fabrication de papier&nbsp;\u00bb en imitant la technique ancestrale japonaisele vendredi 27 mars 14h-16h&nbsp; GratuitR\u00e9servation : Couleur Famille &nbsp;:<\/p>\n","protected":false},"author":1,"featured_media":2543,"comment_status":"closed","ping_status":"closed","sticky":false,"template":"","format":"standard","meta":{"footnotes":""},"categories":[4],"tags":[],"class_list":["post-2540","post","type-post","status-publish","format-standard","has-post-thumbnail","hentry","category-evenements","comments-off"],"yoast_head":"<!-- This site is optimized with the Yoast SEO plugin v21.0 - https:\/\/yoast.com\/wordpress\/plugins\/seo\/ -->\n<title>Mars 2026 - Si le Japon m&#039;\u00e9tait cont\u00e9<\/title>\n<meta name=\"robots\" content=\"index, follow, max-snippet:-1, max-image-preview:large, max-video-preview:-1\" \/>\n<link rel=\"canonical\" href=\"https:\/\/silejapon-m-etaitconte.com\/index.php\/2026\/03\/11\/mars-2026\/\" \/>\n<meta property=\"og:locale\" content=\"fr_FR\" \/>\n<meta property=\"og:type\" content=\"article\" \/>\n<meta property=\"og:title\" content=\"Mars 2026 - Si le Japon m&#039;\u00e9tait cont\u00e9\" \/>\n<meta property=\"og:description\" content=\"Dimanche 22 mars \u00e0 Mosset : Shinrin yoku (bain de for\u00eat) et ha\u00efku pour la fin de l&rsquo;hiver 2026, guid\u00e9 par Carme de l\u2019association Sours. Venez d\u00e9couvrir cette discipline japonaise de connexion \u00e0 la nature pour d\u00e9couvrir la for\u00eat \u00e0 travers les sens. Participation libre \u00e0 partir de 15 euros par personne. Nombre de places limit\u00e9es! R\u00e9servation : 06 41 24 08 89Carmeassociationsours@gmail.comhttp:\/\/associationsours.over-blog.com Ateliers de papier japonais avec Couleur Famille \u00ab&nbsp;Akari, fabrication de lanterne en origami&nbsp;\u00bb le vendredi 13 mars 14h-16h&nbsp; \u00ab&nbsp;Kamisuki, fabrication de papier&nbsp;\u00bb en imitant la technique ancestrale japonaisele vendredi 27 mars 14h-16h&nbsp; GratuitR\u00e9servation : Couleur Famille &nbsp;:\" \/>\n<meta property=\"og:url\" content=\"https:\/\/silejapon-m-etaitconte.com\/index.php\/2026\/03\/11\/mars-2026\/\" \/>\n<meta property=\"og:site_name\" content=\"Si le Japon m&#039;\u00e9tait cont\u00e9\" \/>\n<meta property=\"article:publisher\" content=\"https:\/\/www.facebook.com\/people\/Si-le-Japon-mtait-cont\/100081623407869\/\" \/>\n<meta property=\"article:published_time\" content=\"2026-03-11T07:43:58+00:00\" \/>\n<meta property=\"article:modified_time\" content=\"2026-03-11T09:31:37+00:00\" \/>\n<meta property=\"og:image\" content=\"https:\/\/silejapon-m-etaitconte.com\/wp-content\/uploads\/2026\/03\/260307_affiche-bain-de-foret_Mosset_Col-de-Jau_journee-internationale-de-la-foret_web.jpg\" \/>\n\t<meta property=\"og:image:width\" content=\"1403\" \/>\n\t<meta property=\"og:image:height\" content=\"1984\" \/>\n\t<meta property=\"og:image:type\" content=\"image\/jpeg\" \/>\n<meta name=\"author\" content=\"admin4454\" \/>\n<meta name=\"twitter:card\" content=\"summary_large_image\" \/>\n<meta name=\"twitter:image\" content=\"https:\/\/silejapon-m-etaitconte.com\/wp-content\/uploads\/2026\/03\/260307_affiche-bain-de-foret_Mosset_Col-de-Jau_journee-internationale-de-la-foret_web.jpg\" \/>\n<meta name=\"twitter:label1\" content=\"\u00c9crit par\" \/>\n\t<meta name=\"twitter:data1\" content=\"admin4454\" \/>\n\t<meta name=\"twitter:label2\" content=\"Dur\u00e9e de lecture estim\u00e9e\" \/>\n\t<meta name=\"twitter:data2\" content=\"4 minutes\" \/>\n<script type=\"application\/ld+json\" class=\"yoast-schema-graph\">{\"@context\":\"https:\/\/schema.org\",\"@graph\":[{\"@type\":\"Article\",\"@id\":\"https:\/\/silejapon-m-etaitconte.com\/index.php\/2026\/03\/11\/mars-2026\/#article\",\"isPartOf\":{\"@id\":\"https:\/\/silejapon-m-etaitconte.com\/index.php\/2026\/03\/11\/mars-2026\/\"},\"author\":{\"name\":\"admin4454\",\"@id\":\"https:\/\/silejapon-m-etaitconte.com\/#\/schema\/person\/ba7e7b3d19a2ee4ad8b2fe9e66825510\"},\"headline\":\"Mars 2026\",\"datePublished\":\"2026-03-11T07:43:58+00:00\",\"dateModified\":\"2026-03-11T09:31:37+00:00\",\"mainEntityOfPage\":{\"@id\":\"https:\/\/silejapon-m-etaitconte.com\/index.php\/2026\/03\/11\/mars-2026\/\"},\"wordCount\":189,\"publisher\":{\"@id\":\"https:\/\/silejapon-m-etaitconte.com\/#organization\"},\"articleSection\":[\"Ev\u00e8nements\"],\"inLanguage\":\"fr-FR\"},{\"@type\":\"WebPage\",\"@id\":\"https:\/\/silejapon-m-etaitconte.com\/index.php\/2026\/03\/11\/mars-2026\/\",\"url\":\"https:\/\/silejapon-m-etaitconte.com\/index.php\/2026\/03\/11\/mars-2026\/\",\"name\":\"Mars 2026 - Si le Japon m&#039;\u00e9tait cont\u00e9\",\"isPartOf\":{\"@id\":\"https:\/\/silejapon-m-etaitconte.com\/#website\"},\"datePublished\":\"2026-03-11T07:43:58+00:00\",\"dateModified\":\"2026-03-11T09:31:37+00:00\",\"breadcrumb\":{\"@id\":\"https:\/\/silejapon-m-etaitconte.com\/index.php\/2026\/03\/11\/mars-2026\/#breadcrumb\"},\"inLanguage\":\"fr-FR\",\"potentialAction\":[{\"@type\":\"ReadAction\",\"target\":[\"https:\/\/silejapon-m-etaitconte.com\/index.php\/2026\/03\/11\/mars-2026\/\"]}]},{\"@type\":\"BreadcrumbList\",\"@id\":\"https:\/\/silejapon-m-etaitconte.com\/index.php\/2026\/03\/11\/mars-2026\/#breadcrumb\",\"itemListElement\":[{\"@type\":\"ListItem\",\"position\":1,\"name\":\"Accueil\",\"item\":\"https:\/\/silejapon-m-etaitconte.com\/\"},{\"@type\":\"ListItem\",\"position\":2,\"name\":\"Mars 2026\"}]},{\"@type\":\"WebSite\",\"@id\":\"https:\/\/silejapon-m-etaitconte.com\/#website\",\"url\":\"https:\/\/silejapon-m-etaitconte.com\/\",\"name\":\"Si le Japon m'\u00e9tait cont\u00e9\",\"description\":\"Une passerelle entre la France et le Japon\",\"publisher\":{\"@id\":\"https:\/\/silejapon-m-etaitconte.com\/#organization\"},\"potentialAction\":[{\"@type\":\"SearchAction\",\"target\":{\"@type\":\"EntryPoint\",\"urlTemplate\":\"https:\/\/silejapon-m-etaitconte.com\/?s={search_term_string}\"},\"query-input\":\"required name=search_term_string\"}],\"inLanguage\":\"fr-FR\"},{\"@type\":\"Organization\",\"@id\":\"https:\/\/silejapon-m-etaitconte.com\/#organization\",\"name\":\"Si le Japon m'\u00e9tait cont\u00e9\",\"url\":\"https:\/\/silejapon-m-etaitconte.com\/\",\"logo\":{\"@type\":\"ImageObject\",\"inLanguage\":\"fr-FR\",\"@id\":\"https:\/\/silejapon-m-etaitconte.com\/#\/schema\/logo\/image\/\",\"url\":\"https:\/\/silejapon-m-etaitconte.com\/wp-content\/uploads\/2022\/02\/logo_long.jpg\",\"contentUrl\":\"https:\/\/silejapon-m-etaitconte.com\/wp-content\/uploads\/2022\/02\/logo_long.jpg\",\"width\":2444,\"height\":390,\"caption\":\"Si le Japon m'\u00e9tait cont\u00e9\"},\"image\":{\"@id\":\"https:\/\/silejapon-m-etaitconte.com\/#\/schema\/logo\/image\/\"},\"sameAs\":[\"https:\/\/www.facebook.com\/people\/Si-le-Japon-mtait-cont\/100081623407869\/\"]},{\"@type\":\"Person\",\"@id\":\"https:\/\/silejapon-m-etaitconte.com\/#\/schema\/person\/ba7e7b3d19a2ee4ad8b2fe9e66825510\",\"name\":\"admin4454\",\"image\":{\"@type\":\"ImageObject\",\"inLanguage\":\"fr-FR\",\"@id\":\"https:\/\/silejapon-m-etaitconte.com\/#\/schema\/person\/image\/\",\"url\":\"https:\/\/secure.gravatar.com\/avatar\/40ae7b85d47b326667fa670480e8fb7deb0882c6ce088e74e39c5c257a4b8316?s=96&d=mm&r=g\",\"contentUrl\":\"https:\/\/secure.gravatar.com\/avatar\/40ae7b85d47b326667fa670480e8fb7deb0882c6ce088e74e39c5c257a4b8316?s=96&d=mm&r=g\",\"caption\":\"admin4454\"},\"url\":\"https:\/\/silejapon-m-etaitconte.com\/index.php\/author\/admin4454\/\"}]}<\/script>\n<!-- \/ Yoast SEO plugin. -->","yoast_head_json":{"title":"Mars 2026 - Si le Japon m&#039;\u00e9tait cont\u00e9","robots":{"index":"index","follow":"follow","max-snippet":"max-snippet:-1","max-image-preview":"max-image-preview:large","max-video-preview":"max-video-preview:-1"},"canonical":"https:\/\/silejapon-m-etaitconte.com\/index.php\/2026\/03\/11\/mars-2026\/","og_locale":"fr_FR","og_type":"article","og_title":"Mars 2026 - Si le Japon m&#039;\u00e9tait cont\u00e9","og_description":"Dimanche 22 mars \u00e0 Mosset : Shinrin yoku (bain de for\u00eat) et ha\u00efku pour la fin de l&rsquo;hiver 2026, guid\u00e9 par Carme de l\u2019association Sours. Venez d\u00e9couvrir cette discipline japonaise de connexion \u00e0 la nature pour d\u00e9couvrir la for\u00eat \u00e0 travers les sens. Participation libre \u00e0 partir de 15 euros par personne. Nombre de places limit\u00e9es! R\u00e9servation : 06 41 24 08 89Carmeassociationsours@gmail.comhttp:\/\/associationsours.over-blog.com Ateliers de papier japonais avec Couleur Famille \u00ab&nbsp;Akari, fabrication de lanterne en origami&nbsp;\u00bb le vendredi 13 mars 14h-16h&nbsp; \u00ab&nbsp;Kamisuki, fabrication de papier&nbsp;\u00bb en imitant la technique ancestrale japonaisele vendredi 27 mars 14h-16h&nbsp; GratuitR\u00e9servation : Couleur Famille &nbsp;:","og_url":"https:\/\/silejapon-m-etaitconte.com\/index.php\/2026\/03\/11\/mars-2026\/","og_site_name":"Si le Japon m&#039;\u00e9tait cont\u00e9","article_publisher":"https:\/\/www.facebook.com\/people\/Si-le-Japon-mtait-cont\/100081623407869\/","article_published_time":"2026-03-11T07:43:58+00:00","article_modified_time":"2026-03-11T09:31:37+00:00","og_image":[{"width":1403,"height":1984,"url":"https:\/\/silejapon-m-etaitconte.com\/wp-content\/uploads\/2026\/03\/260307_affiche-bain-de-foret_Mosset_Col-de-Jau_journee-internationale-de-la-foret_web.jpg","type":"image\/jpeg"}],"author":"admin4454","twitter_card":"summary_large_image","twitter_image":"https:\/\/silejapon-m-etaitconte.com\/wp-content\/uploads\/2026\/03\/260307_affiche-bain-de-foret_Mosset_Col-de-Jau_journee-internationale-de-la-foret_web.jpg","twitter_misc":{"\u00c9crit par":"admin4454","Dur\u00e9e de lecture estim\u00e9e":"4 minutes"},"schema":{"@context":"https:\/\/schema.org","@graph":[{"@type":"Article","@id":"https:\/\/silejapon-m-etaitconte.com\/index.php\/2026\/03\/11\/mars-2026\/#article","isPartOf":{"@id":"https:\/\/silejapon-m-etaitconte.com\/index.php\/2026\/03\/11\/mars-2026\/"},"author":{"name":"admin4454","@id":"https:\/\/silejapon-m-etaitconte.com\/#\/schema\/person\/ba7e7b3d19a2ee4ad8b2fe9e66825510"},"headline":"Mars 2026","datePublished":"2026-03-11T07:43:58+00:00","dateModified":"2026-03-11T09:31:37+00:00","mainEntityOfPage":{"@id":"https:\/\/silejapon-m-etaitconte.com\/index.php\/2026\/03\/11\/mars-2026\/"},"wordCount":189,"publisher":{"@id":"https:\/\/silejapon-m-etaitconte.com\/#organization"},"articleSection":["Ev\u00e8nements"],"inLanguage":"fr-FR"},{"@type":"WebPage","@id":"https:\/\/silejapon-m-etaitconte.com\/index.php\/2026\/03\/11\/mars-2026\/","url":"https:\/\/silejapon-m-etaitconte.com\/index.php\/2026\/03\/11\/mars-2026\/","name":"Mars 2026 - Si le Japon m&#039;\u00e9tait cont\u00e9","isPartOf":{"@id":"https:\/\/silejapon-m-etaitconte.com\/#website"},"datePublished":"2026-03-11T07:43:58+00:00","dateModified":"2026-03-11T09:31:37+00:00","breadcrumb":{"@id":"https:\/\/silejapon-m-etaitconte.com\/index.php\/2026\/03\/11\/mars-2026\/#breadcrumb"},"inLanguage":"fr-FR","potentialAction":[{"@type":"ReadAction","target":["https:\/\/silejapon-m-etaitconte.com\/index.php\/2026\/03\/11\/mars-2026\/"]}]},{"@type":"BreadcrumbList","@id":"https:\/\/silejapon-m-etaitconte.com\/index.php\/2026\/03\/11\/mars-2026\/#breadcrumb","itemListElement":[{"@type":"ListItem","position":1,"name":"Accueil","item":"https:\/\/silejapon-m-etaitconte.com\/"},{"@type":"ListItem","position":2,"name":"Mars 2026"}]},{"@type":"WebSite","@id":"https:\/\/silejapon-m-etaitconte.com\/#website","url":"https:\/\/silejapon-m-etaitconte.com\/","name":"Si le Japon m'\u00e9tait cont\u00e9","description":"Une passerelle entre la France et le Japon","publisher":{"@id":"https:\/\/silejapon-m-etaitconte.com\/#organization"},"potentialAction":[{"@type":"SearchAction","target":{"@type":"EntryPoint","urlTemplate":"https:\/\/silejapon-m-etaitconte.com\/?s={search_term_string}"},"query-input":"required name=search_term_string"}],"inLanguage":"fr-FR"},{"@type":"Organization","@id":"https:\/\/silejapon-m-etaitconte.com\/#organization","name":"Si le Japon m'\u00e9tait cont\u00e9","url":"https:\/\/silejapon-m-etaitconte.com\/","logo":{"@type":"ImageObject","inLanguage":"fr-FR","@id":"https:\/\/silejapon-m-etaitconte.com\/#\/schema\/logo\/image\/","url":"https:\/\/silejapon-m-etaitconte.com\/wp-content\/uploads\/2022\/02\/logo_long.jpg","contentUrl":"https:\/\/silejapon-m-etaitconte.com\/wp-content\/uploads\/2022\/02\/logo_long.jpg","width":2444,"height":390,"caption":"Si le Japon m'\u00e9tait cont\u00e9"},"image":{"@id":"https:\/\/silejapon-m-etaitconte.com\/#\/schema\/logo\/image\/"},"sameAs":["https:\/\/www.facebook.com\/people\/Si-le-Japon-mtait-cont\/100081623407869\/"]},{"@type":"Person","@id":"https:\/\/silejapon-m-etaitconte.com\/#\/schema\/person\/ba7e7b3d19a2ee4ad8b2fe9e66825510","name":"admin4454","image":{"@type":"ImageObject","inLanguage":"fr-FR","@id":"https:\/\/silejapon-m-etaitconte.com\/#\/schema\/person\/image\/","url":"https:\/\/secure.gravatar.com\/avatar\/40ae7b85d47b326667fa670480e8fb7deb0882c6ce088e74e39c5c257a4b8316?s=96&d=mm&r=g","contentUrl":"https:\/\/secure.gravatar.com\/avatar\/40ae7b85d47b326667fa670480e8fb7deb0882c6ce088e74e39c5c257a4b8316?s=96&d=mm&r=g","caption":"admin4454"},"url":"https:\/\/silejapon-m-etaitconte.com\/index.php\/author\/admin4454\/"}]}},"_links":{"self":[{"href":"https:\/\/silejapon-m-etaitconte.com\/index.php\/wp-json\/wp\/v2\/posts\/2540","targetHints":{"allow":["GET"]}}],"collection":[{"href":"https:\/\/silejapon-m-etaitconte.com\/index.php\/wp-json\/wp\/v2\/posts"}],"about":[{"href":"https:\/\/silejapon-m-etaitconte.com\/index.php\/wp-json\/wp\/v2\/types\/post"}],"author":[{"embeddable":true,"href":"https:\/\/silejapon-m-etaitconte.com\/index.php\/wp-json\/wp\/v2\/users\/1"}],"replies":[{"embeddable":true,"href":"https:\/\/silejapon-m-etaitconte.com\/index.php\/wp-json\/wp\/v2\/comments?post=2540"}],"version-history":[{"count":7,"href":"https:\/\/silejapon-m-etaitconte.com\/index.php\/wp-json\/wp\/v2\/posts\/2540\/revisions"}],"predecessor-version":[{"id":2562,"href":"https:\/\/silejapon-m-etaitconte.com\/index.php\/wp-json\/wp\/v2\/posts\/2540\/revisions\/2562"}],"wp:featuredmedia":[{"embeddable":true,"href":"https:\/\/silejapon-m-etaitconte.com\/index.php\/wp-json\/wp\/v2\/media\/2543"}],"wp:attachment":[{"href":"https:\/\/silejapon-m-etaitconte.com\/index.php\/wp-json\/wp\/v2\/media?parent=2540"}],"wp:term":[{"taxonomy":"category","embeddable":true,"href":"https:\/\/silejapon-m-etaitconte.com\/index.php\/wp-json\/wp\/v2\/categories?post=2540"},{"taxonomy":"post_tag","embeddable":true,"href":"https:\/\/silejapon-m-etaitconte.com\/index.php\/wp-json\/wp\/v2\/tags?post=2540"}],"curies":[{"name":"wp","href":"https:\/\/api.w.org\/{rel}","templated":true}]}}