{"id":2469,"date":"2025-10-28T19:37:52","date_gmt":"2025-10-28T18:37:52","guid":{"rendered":"https:\/\/silejapon-m-etaitconte.com\/?p=2469"},"modified":"2025-10-30T23:21:58","modified_gmt":"2025-10-30T22:21:58","slug":"novembre-2025","status":"publish","type":"post","link":"https:\/\/silejapon-m-etaitconte.com\/index.php\/2025\/10\/28\/novembre-2025\/","title":{"rendered":"Novembre 2025"},"content":{"rendered":"\n<div class=\"wp-block-media-text is-stacked-on-mobile is-vertically-aligned-top has-background\" style=\"background-color:#ecf5df\"><figure class=\"wp-block-media-text__media\"><img loading=\"lazy\" decoding=\"async\" width=\"724\" height=\"1024\" src=\"https:\/\/silejapon-m-etaitconte.com\/wp-content\/uploads\/2025\/10\/251011_affiche-bain-de-foret_Mosset_Col-de-Jau_web-724x1024.jpg\" alt=\"\" class=\"wp-image-2471 size-full\" srcset=\"https:\/\/silejapon-m-etaitconte.com\/wp-content\/uploads\/2025\/10\/251011_affiche-bain-de-foret_Mosset_Col-de-Jau_web-724x1024.jpg 724w, https:\/\/silejapon-m-etaitconte.com\/wp-content\/uploads\/2025\/10\/251011_affiche-bain-de-foret_Mosset_Col-de-Jau_web-212x300.jpg 212w, https:\/\/silejapon-m-etaitconte.com\/wp-content\/uploads\/2025\/10\/251011_affiche-bain-de-foret_Mosset_Col-de-Jau_web-768x1086.jpg 768w, https:\/\/silejapon-m-etaitconte.com\/wp-content\/uploads\/2025\/10\/251011_affiche-bain-de-foret_Mosset_Col-de-Jau_web-1086x1536.jpg 1086w, https:\/\/silejapon-m-etaitconte.com\/wp-content\/uploads\/2025\/10\/251011_affiche-bain-de-foret_Mosset_Col-de-Jau_web.jpg 1403w\" sizes=\"auto, (max-width: 724px) 100vw, 724px\" \/><\/figure><div class=\"wp-block-media-text__content\">\n<p><strong>Dimanche<\/strong> <strong>9 novembre 2025 \u00e0 Mosset <\/strong>: <strong>Shinrin yoku (bain de for\u00eat) et ha\u00efku<\/strong>, guid\u00e9 par Carme de l&rsquo;association Sours, dans le cadre de <a href=\"https:\/\/quinzaine.japonoccitanie.fr\/\">la Quinzaine du Japon en Occitanie<\/a>.<\/p>\n\n\n\n<p>Venez d\u00e9couvrir cette discipline japonaise de connexion \u00e0 la nature pour d\u00e9couvrir la for\u00eat \u00e0 travers les sens.<\/p>\n\n\n\n<p>Participation libre \u00e0 partir de 15 euros par personne. Nombre de places limit\u00e9es!<\/p>\n\n\n\n<p>R\u00e9servation : 06 41 24 08 89<br>Carme<br><a href=\"mailto:associationsours@gmail.com\" target=\"_blank\" rel=\"noreferrer noopener\">associationsours@gmail.com<\/a><br><a href=\"http:\/\/associationsours.over-blog.com\" target=\"_blank\" rel=\"noreferrer noopener\">http:\/\/associationsours.over-blog.com<\/a><\/p>\n<\/div><\/div>\n\n\n\n<div class=\"wp-block-media-text is-stacked-on-mobile has-background\" style=\"background-color:#fcfce8\"><figure class=\"wp-block-media-text__media\"><img loading=\"lazy\" decoding=\"async\" width=\"1024\" height=\"1024\" src=\"https:\/\/silejapon-m-etaitconte.com\/wp-content\/uploads\/2025\/10\/Design-sans-titre1-1024x1024.png\" alt=\"\" class=\"wp-image-2479 size-full\" srcset=\"https:\/\/silejapon-m-etaitconte.com\/wp-content\/uploads\/2025\/10\/Design-sans-titre1-1024x1024.png 1024w, https:\/\/silejapon-m-etaitconte.com\/wp-content\/uploads\/2025\/10\/Design-sans-titre1-300x300.png 300w, https:\/\/silejapon-m-etaitconte.com\/wp-content\/uploads\/2025\/10\/Design-sans-titre1-150x150.png 150w, https:\/\/silejapon-m-etaitconte.com\/wp-content\/uploads\/2025\/10\/Design-sans-titre1-768x768.png 768w, https:\/\/silejapon-m-etaitconte.com\/wp-content\/uploads\/2025\/10\/Design-sans-titre1.png 1500w\" sizes=\"auto, (max-width: 1024px) 100vw, 1024px\" \/><\/figure><div class=\"wp-block-media-text__content\">\n<p><strong>Ateliers cr\u00e9atifs avec <\/strong><a href=\"https:\/\/www.facebook.com\/profile.php?id=100088564345438&amp;locale=fr_FR\" target=\"_blank\" rel=\"noreferrer noopener\"><strong>Couleur Famille<\/strong><\/a><\/p>\n\n\n\n<p>\u00ab&nbsp;<strong>Shod\u00f4, calligraphie japonaise<\/strong>&nbsp;\u00bb le vendredi 7 novembre 14h-16h&nbsp;<\/p>\n\n\n\n<p>\u00ab&nbsp;<strong>Art de papier japonais, Suminagashi (papier marbr\u00e9 avec de l\u2019encre)&nbsp;\u00bb<\/strong> le vendredi 21 novembre 14h-16h<br><br>Gratuit<br>R\u00e9servation : Couleur Famille &nbsp;: 06 07 06 11 15<\/p>\n<\/div><\/div>\n\n\n\n<p class=\"has-white-color has-dark-gray-background-color has-text-color has-background has-link-color wp-elements-9bcd3b855ccd0dfe1e868d28efa2ed10\">Les ateliers permanents \u00e0 Pessebre<\/p>\n\n\n\n<div class=\"wp-block-columns has-dark-gray-background-color has-background is-layout-flex wp-container-core-columns-is-layout-9d6595d7 wp-block-columns-is-layout-flex\">\n<div class=\"wp-block-column is-layout-flow wp-block-column-is-layout-flow\">\n<figure class=\"wp-block-image\"><a href=\"https:\/\/silejapon-m-etaitconte.com\/index.php\/cours-et-ateliers\/\"><img loading=\"lazy\" decoding=\"async\" width=\"724\" height=\"1024\" src=\"https:\/\/silejapon-m-etaitconte.com\/wp-content\/uploads\/2025\/09\/jeu-de-go-25-26-1-724x1024.png\" alt=\"\" class=\"wp-image-2422\" srcset=\"https:\/\/silejapon-m-etaitconte.com\/wp-content\/uploads\/2025\/09\/jeu-de-go-25-26-1-724x1024.png 724w, https:\/\/silejapon-m-etaitconte.com\/wp-content\/uploads\/2025\/09\/jeu-de-go-25-26-1-212x300.png 212w, https:\/\/silejapon-m-etaitconte.com\/wp-content\/uploads\/2025\/09\/jeu-de-go-25-26-1-768x1086.png 768w, https:\/\/silejapon-m-etaitconte.com\/wp-content\/uploads\/2025\/09\/jeu-de-go-25-26-1-1086x1536.png 1086w, https:\/\/silejapon-m-etaitconte.com\/wp-content\/uploads\/2025\/09\/jeu-de-go-25-26-1.png 1414w\" sizes=\"auto, (max-width: 724px) 100vw, 724px\" \/><\/a><\/figure>\n\n\n\n<p class=\"has-white-color has-text-color has-link-color wp-elements-6b5b4f49f1ed99beedf24ea25d29f06e\">Atelier jeu de go<br>Les mercredis 16h-18h<\/p>\n<\/div>\n\n\n\n<div class=\"wp-block-column is-layout-flow wp-block-column-is-layout-flow\">\n<figure class=\"wp-block-image\"><a href=\"https:\/\/silejapon-m-etaitconte.com\/index.php\/cours-et-ateliers\/\"><img loading=\"lazy\" decoding=\"async\" width=\"724\" height=\"1024\" src=\"https:\/\/silejapon-m-etaitconte.com\/wp-content\/uploads\/2025\/09\/ateliers-manga-yugi-2025-2026-version-16h-18h-1-724x1024.jpg\" alt=\"\" class=\"wp-image-2420\" srcset=\"https:\/\/silejapon-m-etaitconte.com\/wp-content\/uploads\/2025\/09\/ateliers-manga-yugi-2025-2026-version-16h-18h-1-724x1024.jpg 724w, https:\/\/silejapon-m-etaitconte.com\/wp-content\/uploads\/2025\/09\/ateliers-manga-yugi-2025-2026-version-16h-18h-1-212x300.jpg 212w, https:\/\/silejapon-m-etaitconte.com\/wp-content\/uploads\/2025\/09\/ateliers-manga-yugi-2025-2026-version-16h-18h-1-768x1086.jpg 768w, https:\/\/silejapon-m-etaitconte.com\/wp-content\/uploads\/2025\/09\/ateliers-manga-yugi-2025-2026-version-16h-18h-1-1086x1536.jpg 1086w, https:\/\/silejapon-m-etaitconte.com\/wp-content\/uploads\/2025\/09\/ateliers-manga-yugi-2025-2026-version-16h-18h-1-1448x2048.jpg 1448w, https:\/\/silejapon-m-etaitconte.com\/wp-content\/uploads\/2025\/09\/ateliers-manga-yugi-2025-2026-version-16h-18h-1.jpg 1587w\" sizes=\"auto, (max-width: 724px) 100vw, 724px\" \/><\/a><\/figure>\n\n\n\n<p class=\"has-white-color has-text-color has-link-color wp-elements-ebb6335c38b84e4097e5a1b958ff7364\">Atelier Manga de Yugi<br>Les premiers mercredis d\u2019octobre \u00e0 mai 16h-18h<\/p>\n<\/div>\n\n\n\n<div class=\"wp-block-column has-white-color has-text-color has-link-color wp-elements-b4dd8abe2d3a80168a82b2e2c732362f is-layout-flow wp-block-column-is-layout-flow\">\n<figure class=\"wp-block-image\"><a href=\"https:\/\/silejapon-m-etaitconte.com\/index.php\/cours-et-ateliers\/\"><img loading=\"lazy\" decoding=\"async\" width=\"724\" height=\"1024\" src=\"https:\/\/silejapon-m-etaitconte.com\/wp-content\/uploads\/2025\/09\/japonais2025-1-724x1024.png\" alt=\"\" class=\"wp-image-2421\" srcset=\"https:\/\/silejapon-m-etaitconte.com\/wp-content\/uploads\/2025\/09\/japonais2025-1-724x1024.png 724w, https:\/\/silejapon-m-etaitconte.com\/wp-content\/uploads\/2025\/09\/japonais2025-1-212x300.png 212w, https:\/\/silejapon-m-etaitconte.com\/wp-content\/uploads\/2025\/09\/japonais2025-1-768x1086.png 768w, https:\/\/silejapon-m-etaitconte.com\/wp-content\/uploads\/2025\/09\/japonais2025-1-1086x1536.png 1086w, https:\/\/silejapon-m-etaitconte.com\/wp-content\/uploads\/2025\/09\/japonais2025-1-1448x2048.png 1448w, https:\/\/silejapon-m-etaitconte.com\/wp-content\/uploads\/2025\/09\/japonais2025-1.png 1587w\" sizes=\"auto, (max-width: 724px) 100vw, 724px\" \/><\/a><\/figure>\n\n\n\n<p>Cours de japonais<br>Les mercredis 14h-16h<\/p>\n<\/div>\n<\/div>\n\n\n\n<p><\/p>\n\n\n\n<p class=\"has-light-gray-background-color has-background\"><strong>Annonce<\/strong><\/p>\n\n\n\n<p><\/p>\n\n\n\n<div class=\"wp-block-media-text is-stacked-on-mobile is-vertically-aligned-top\"><figure class=\"wp-block-media-text__media\"><img loading=\"lazy\" decoding=\"async\" width=\"724\" height=\"1024\" src=\"https:\/\/silejapon-m-etaitconte.com\/wp-content\/uploads\/2025\/10\/image0000011-724x1024.jpg\" alt=\"\" class=\"wp-image-2483 size-full\" srcset=\"https:\/\/silejapon-m-etaitconte.com\/wp-content\/uploads\/2025\/10\/image0000011-724x1024.jpg 724w, https:\/\/silejapon-m-etaitconte.com\/wp-content\/uploads\/2025\/10\/image0000011-212x300.jpg 212w, https:\/\/silejapon-m-etaitconte.com\/wp-content\/uploads\/2025\/10\/image0000011-768x1086.jpg 768w, https:\/\/silejapon-m-etaitconte.com\/wp-content\/uploads\/2025\/10\/image0000011-1086x1536.jpg 1086w, https:\/\/silejapon-m-etaitconte.com\/wp-content\/uploads\/2025\/10\/image0000011.jpg 1131w\" sizes=\"auto, (max-width: 724px) 100vw, 724px\" \/><\/figure><div class=\"wp-block-media-text__content\">\n<p>Le <strong>Club de couture de Prades<\/strong> organise \u00ab\u00a0<strong>Exposition de Patchworks et Aquarelles<\/strong>\u00a0\u00bb \u00e0 la salle Gelsen \u00e0 Prades du 29 novembre au 6 d\u00e9cembre 2025.<\/p>\n\n\n\n<p>Le th\u00e8me est \u00ab\u00a0<strong>Un voyage \u00e0 travers la cr\u00e9ativit\u00e9 du Japon au Canigou<\/strong>\u00ab\u00a0. <\/p>\n\n\n\n<p>Nous y allons participer pour exposer quelques kimono !<\/p>\n<\/div><\/div>\n\n\n\n<p><\/p>\n","protected":false},"excerpt":{"rendered":"<p>Dimanche 9 novembre 2025 \u00e0 Mosset : Shinrin yoku (bain de for\u00eat) et ha\u00efku, guid\u00e9 par Carme de l&rsquo;association Sours, dans le cadre de la Quinzaine du Japon en Occitanie. Venez d\u00e9couvrir cette discipline japonaise de connexion \u00e0 la nature pour d\u00e9couvrir la for\u00eat \u00e0 travers les sens. Participation libre \u00e0 partir de 15 euros par personne. Nombre de places limit\u00e9es! R\u00e9servation : 06 41 24 08 89Carmeassociationsours@gmail.comhttp:\/\/associationsours.over-blog.com Ateliers cr\u00e9atifs avec Couleur Famille \u00ab&nbsp;Shod\u00f4, calligraphie japonaise&nbsp;\u00bb le vendredi 7 novembre 14h-16h&nbsp; \u00ab&nbsp;Art de papier japonais, Suminagashi (papier marbr\u00e9 avec de l\u2019encre)&nbsp;\u00bb le vendredi 21 novembre 14h-16h GratuitR\u00e9servation : Couleur Famille<\/p>\n","protected":false},"author":1,"featured_media":2488,"comment_status":"closed","ping_status":"closed","sticky":false,"template":"","format":"standard","meta":{"footnotes":""},"categories":[4],"tags":[],"class_list":["post-2469","post","type-post","status-publish","format-standard","has-post-thumbnail","hentry","category-evenements","comments-off"],"yoast_head":"<!-- This site is optimized with the Yoast SEO plugin v21.0 - https:\/\/yoast.com\/wordpress\/plugins\/seo\/ -->\n<title>Novembre 2025 - Si le Japon m&#039;\u00e9tait cont\u00e9<\/title>\n<meta name=\"robots\" content=\"index, follow, max-snippet:-1, max-image-preview:large, max-video-preview:-1\" \/>\n<link rel=\"canonical\" href=\"https:\/\/silejapon-m-etaitconte.com\/index.php\/2025\/10\/28\/novembre-2025\/\" \/>\n<meta property=\"og:locale\" content=\"fr_FR\" \/>\n<meta property=\"og:type\" content=\"article\" \/>\n<meta property=\"og:title\" content=\"Novembre 2025 - Si le Japon m&#039;\u00e9tait cont\u00e9\" \/>\n<meta property=\"og:description\" content=\"Dimanche 9 novembre 2025 \u00e0 Mosset : Shinrin yoku (bain de for\u00eat) et ha\u00efku, guid\u00e9 par Carme de l&rsquo;association Sours, dans le cadre de la Quinzaine du Japon en Occitanie. Venez d\u00e9couvrir cette discipline japonaise de connexion \u00e0 la nature pour d\u00e9couvrir la for\u00eat \u00e0 travers les sens. Participation libre \u00e0 partir de 15 euros par personne. Nombre de places limit\u00e9es! R\u00e9servation : 06 41 24 08 89Carmeassociationsours@gmail.comhttp:\/\/associationsours.over-blog.com Ateliers cr\u00e9atifs avec Couleur Famille \u00ab&nbsp;Shod\u00f4, calligraphie japonaise&nbsp;\u00bb le vendredi 7 novembre 14h-16h&nbsp; \u00ab&nbsp;Art de papier japonais, Suminagashi (papier marbr\u00e9 avec de l\u2019encre)&nbsp;\u00bb le vendredi 21 novembre 14h-16h GratuitR\u00e9servation : Couleur Famille\" \/>\n<meta property=\"og:url\" content=\"https:\/\/silejapon-m-etaitconte.com\/index.php\/2025\/10\/28\/novembre-2025\/\" \/>\n<meta property=\"og:site_name\" content=\"Si le Japon m&#039;\u00e9tait cont\u00e9\" \/>\n<meta property=\"article:publisher\" content=\"https:\/\/www.facebook.com\/people\/Si-le-Japon-mtait-cont\/100081623407869\/\" \/>\n<meta property=\"article:published_time\" content=\"2025-10-28T18:37:52+00:00\" \/>\n<meta property=\"article:modified_time\" content=\"2025-10-30T22:21:58+00:00\" \/>\n<meta name=\"author\" content=\"admin4454\" \/>\n<meta name=\"twitter:card\" content=\"summary_large_image\" \/>\n<meta name=\"twitter:image\" content=\"https:\/\/silejapon-m-etaitconte.com\/wp-content\/uploads\/2025\/10\/Copie-de-oct-2025-1-pdf.jpg\" \/>\n<meta name=\"twitter:label1\" content=\"\u00c9crit par\" \/>\n\t<meta name=\"twitter:data1\" content=\"admin4454\" \/>\n\t<meta name=\"twitter:label2\" content=\"Dur\u00e9e de lecture estim\u00e9e\" \/>\n\t<meta name=\"twitter:data2\" content=\"3 minutes\" \/>\n<script type=\"application\/ld+json\" class=\"yoast-schema-graph\">{\"@context\":\"https:\/\/schema.org\",\"@graph\":[{\"@type\":\"Article\",\"@id\":\"https:\/\/silejapon-m-etaitconte.com\/index.php\/2025\/10\/28\/novembre-2025\/#article\",\"isPartOf\":{\"@id\":\"https:\/\/silejapon-m-etaitconte.com\/index.php\/2025\/10\/28\/novembre-2025\/\"},\"author\":{\"name\":\"admin4454\",\"@id\":\"https:\/\/silejapon-m-etaitconte.com\/#\/schema\/person\/ba7e7b3d19a2ee4ad8b2fe9e66825510\"},\"headline\":\"Novembre 2025\",\"datePublished\":\"2025-10-28T18:37:52+00:00\",\"dateModified\":\"2025-10-30T22:21:58+00:00\",\"mainEntityOfPage\":{\"@id\":\"https:\/\/silejapon-m-etaitconte.com\/index.php\/2025\/10\/28\/novembre-2025\/\"},\"wordCount\":182,\"publisher\":{\"@id\":\"https:\/\/silejapon-m-etaitconte.com\/#organization\"},\"articleSection\":[\"Ev\u00e8nements\"],\"inLanguage\":\"fr-FR\"},{\"@type\":\"WebPage\",\"@id\":\"https:\/\/silejapon-m-etaitconte.com\/index.php\/2025\/10\/28\/novembre-2025\/\",\"url\":\"https:\/\/silejapon-m-etaitconte.com\/index.php\/2025\/10\/28\/novembre-2025\/\",\"name\":\"Novembre 2025 - Si le Japon m&#039;\u00e9tait cont\u00e9\",\"isPartOf\":{\"@id\":\"https:\/\/silejapon-m-etaitconte.com\/#website\"},\"datePublished\":\"2025-10-28T18:37:52+00:00\",\"dateModified\":\"2025-10-30T22:21:58+00:00\",\"breadcrumb\":{\"@id\":\"https:\/\/silejapon-m-etaitconte.com\/index.php\/2025\/10\/28\/novembre-2025\/#breadcrumb\"},\"inLanguage\":\"fr-FR\",\"potentialAction\":[{\"@type\":\"ReadAction\",\"target\":[\"https:\/\/silejapon-m-etaitconte.com\/index.php\/2025\/10\/28\/novembre-2025\/\"]}]},{\"@type\":\"BreadcrumbList\",\"@id\":\"https:\/\/silejapon-m-etaitconte.com\/index.php\/2025\/10\/28\/novembre-2025\/#breadcrumb\",\"itemListElement\":[{\"@type\":\"ListItem\",\"position\":1,\"name\":\"Accueil\",\"item\":\"https:\/\/silejapon-m-etaitconte.com\/\"},{\"@type\":\"ListItem\",\"position\":2,\"name\":\"Novembre 2025\"}]},{\"@type\":\"WebSite\",\"@id\":\"https:\/\/silejapon-m-etaitconte.com\/#website\",\"url\":\"https:\/\/silejapon-m-etaitconte.com\/\",\"name\":\"Si le Japon m'\u00e9tait cont\u00e9\",\"description\":\"Une passerelle entre la France et le Japon\",\"publisher\":{\"@id\":\"https:\/\/silejapon-m-etaitconte.com\/#organization\"},\"potentialAction\":[{\"@type\":\"SearchAction\",\"target\":{\"@type\":\"EntryPoint\",\"urlTemplate\":\"https:\/\/silejapon-m-etaitconte.com\/?s={search_term_string}\"},\"query-input\":\"required name=search_term_string\"}],\"inLanguage\":\"fr-FR\"},{\"@type\":\"Organization\",\"@id\":\"https:\/\/silejapon-m-etaitconte.com\/#organization\",\"name\":\"Si le Japon m'\u00e9tait cont\u00e9\",\"url\":\"https:\/\/silejapon-m-etaitconte.com\/\",\"logo\":{\"@type\":\"ImageObject\",\"inLanguage\":\"fr-FR\",\"@id\":\"https:\/\/silejapon-m-etaitconte.com\/#\/schema\/logo\/image\/\",\"url\":\"https:\/\/silejapon-m-etaitconte.com\/wp-content\/uploads\/2022\/02\/logo_long.jpg\",\"contentUrl\":\"https:\/\/silejapon-m-etaitconte.com\/wp-content\/uploads\/2022\/02\/logo_long.jpg\",\"width\":2444,\"height\":390,\"caption\":\"Si le Japon m'\u00e9tait cont\u00e9\"},\"image\":{\"@id\":\"https:\/\/silejapon-m-etaitconte.com\/#\/schema\/logo\/image\/\"},\"sameAs\":[\"https:\/\/www.facebook.com\/people\/Si-le-Japon-mtait-cont\/100081623407869\/\"]},{\"@type\":\"Person\",\"@id\":\"https:\/\/silejapon-m-etaitconte.com\/#\/schema\/person\/ba7e7b3d19a2ee4ad8b2fe9e66825510\",\"name\":\"admin4454\",\"image\":{\"@type\":\"ImageObject\",\"inLanguage\":\"fr-FR\",\"@id\":\"https:\/\/silejapon-m-etaitconte.com\/#\/schema\/person\/image\/\",\"url\":\"https:\/\/secure.gravatar.com\/avatar\/40ae7b85d47b326667fa670480e8fb7deb0882c6ce088e74e39c5c257a4b8316?s=96&d=mm&r=g\",\"contentUrl\":\"https:\/\/secure.gravatar.com\/avatar\/40ae7b85d47b326667fa670480e8fb7deb0882c6ce088e74e39c5c257a4b8316?s=96&d=mm&r=g\",\"caption\":\"admin4454\"},\"url\":\"https:\/\/silejapon-m-etaitconte.com\/index.php\/author\/admin4454\/\"}]}<\/script>\n<!-- \/ Yoast SEO plugin. -->","yoast_head_json":{"title":"Novembre 2025 - Si le Japon m&#039;\u00e9tait cont\u00e9","robots":{"index":"index","follow":"follow","max-snippet":"max-snippet:-1","max-image-preview":"max-image-preview:large","max-video-preview":"max-video-preview:-1"},"canonical":"https:\/\/silejapon-m-etaitconte.com\/index.php\/2025\/10\/28\/novembre-2025\/","og_locale":"fr_FR","og_type":"article","og_title":"Novembre 2025 - Si le Japon m&#039;\u00e9tait cont\u00e9","og_description":"Dimanche 9 novembre 2025 \u00e0 Mosset : Shinrin yoku (bain de for\u00eat) et ha\u00efku, guid\u00e9 par Carme de l&rsquo;association Sours, dans le cadre de la Quinzaine du Japon en Occitanie. Venez d\u00e9couvrir cette discipline japonaise de connexion \u00e0 la nature pour d\u00e9couvrir la for\u00eat \u00e0 travers les sens. Participation libre \u00e0 partir de 15 euros par personne. Nombre de places limit\u00e9es! R\u00e9servation : 06 41 24 08 89Carmeassociationsours@gmail.comhttp:\/\/associationsours.over-blog.com Ateliers cr\u00e9atifs avec Couleur Famille \u00ab&nbsp;Shod\u00f4, calligraphie japonaise&nbsp;\u00bb le vendredi 7 novembre 14h-16h&nbsp; \u00ab&nbsp;Art de papier japonais, Suminagashi (papier marbr\u00e9 avec de l\u2019encre)&nbsp;\u00bb le vendredi 21 novembre 14h-16h GratuitR\u00e9servation : Couleur Famille","og_url":"https:\/\/silejapon-m-etaitconte.com\/index.php\/2025\/10\/28\/novembre-2025\/","og_site_name":"Si le Japon m&#039;\u00e9tait cont\u00e9","article_publisher":"https:\/\/www.facebook.com\/people\/Si-le-Japon-mtait-cont\/100081623407869\/","article_published_time":"2025-10-28T18:37:52+00:00","article_modified_time":"2025-10-30T22:21:58+00:00","author":"admin4454","twitter_card":"summary_large_image","twitter_image":"https:\/\/silejapon-m-etaitconte.com\/wp-content\/uploads\/2025\/10\/Copie-de-oct-2025-1-pdf.jpg","twitter_misc":{"\u00c9crit par":"admin4454","Dur\u00e9e de lecture estim\u00e9e":"3 minutes"},"schema":{"@context":"https:\/\/schema.org","@graph":[{"@type":"Article","@id":"https:\/\/silejapon-m-etaitconte.com\/index.php\/2025\/10\/28\/novembre-2025\/#article","isPartOf":{"@id":"https:\/\/silejapon-m-etaitconte.com\/index.php\/2025\/10\/28\/novembre-2025\/"},"author":{"name":"admin4454","@id":"https:\/\/silejapon-m-etaitconte.com\/#\/schema\/person\/ba7e7b3d19a2ee4ad8b2fe9e66825510"},"headline":"Novembre 2025","datePublished":"2025-10-28T18:37:52+00:00","dateModified":"2025-10-30T22:21:58+00:00","mainEntityOfPage":{"@id":"https:\/\/silejapon-m-etaitconte.com\/index.php\/2025\/10\/28\/novembre-2025\/"},"wordCount":182,"publisher":{"@id":"https:\/\/silejapon-m-etaitconte.com\/#organization"},"articleSection":["Ev\u00e8nements"],"inLanguage":"fr-FR"},{"@type":"WebPage","@id":"https:\/\/silejapon-m-etaitconte.com\/index.php\/2025\/10\/28\/novembre-2025\/","url":"https:\/\/silejapon-m-etaitconte.com\/index.php\/2025\/10\/28\/novembre-2025\/","name":"Novembre 2025 - Si le Japon m&#039;\u00e9tait cont\u00e9","isPartOf":{"@id":"https:\/\/silejapon-m-etaitconte.com\/#website"},"datePublished":"2025-10-28T18:37:52+00:00","dateModified":"2025-10-30T22:21:58+00:00","breadcrumb":{"@id":"https:\/\/silejapon-m-etaitconte.com\/index.php\/2025\/10\/28\/novembre-2025\/#breadcrumb"},"inLanguage":"fr-FR","potentialAction":[{"@type":"ReadAction","target":["https:\/\/silejapon-m-etaitconte.com\/index.php\/2025\/10\/28\/novembre-2025\/"]}]},{"@type":"BreadcrumbList","@id":"https:\/\/silejapon-m-etaitconte.com\/index.php\/2025\/10\/28\/novembre-2025\/#breadcrumb","itemListElement":[{"@type":"ListItem","position":1,"name":"Accueil","item":"https:\/\/silejapon-m-etaitconte.com\/"},{"@type":"ListItem","position":2,"name":"Novembre 2025"}]},{"@type":"WebSite","@id":"https:\/\/silejapon-m-etaitconte.com\/#website","url":"https:\/\/silejapon-m-etaitconte.com\/","name":"Si le Japon m'\u00e9tait cont\u00e9","description":"Une passerelle entre la France et le Japon","publisher":{"@id":"https:\/\/silejapon-m-etaitconte.com\/#organization"},"potentialAction":[{"@type":"SearchAction","target":{"@type":"EntryPoint","urlTemplate":"https:\/\/silejapon-m-etaitconte.com\/?s={search_term_string}"},"query-input":"required name=search_term_string"}],"inLanguage":"fr-FR"},{"@type":"Organization","@id":"https:\/\/silejapon-m-etaitconte.com\/#organization","name":"Si le Japon m'\u00e9tait cont\u00e9","url":"https:\/\/silejapon-m-etaitconte.com\/","logo":{"@type":"ImageObject","inLanguage":"fr-FR","@id":"https:\/\/silejapon-m-etaitconte.com\/#\/schema\/logo\/image\/","url":"https:\/\/silejapon-m-etaitconte.com\/wp-content\/uploads\/2022\/02\/logo_long.jpg","contentUrl":"https:\/\/silejapon-m-etaitconte.com\/wp-content\/uploads\/2022\/02\/logo_long.jpg","width":2444,"height":390,"caption":"Si le Japon m'\u00e9tait cont\u00e9"},"image":{"@id":"https:\/\/silejapon-m-etaitconte.com\/#\/schema\/logo\/image\/"},"sameAs":["https:\/\/www.facebook.com\/people\/Si-le-Japon-mtait-cont\/100081623407869\/"]},{"@type":"Person","@id":"https:\/\/silejapon-m-etaitconte.com\/#\/schema\/person\/ba7e7b3d19a2ee4ad8b2fe9e66825510","name":"admin4454","image":{"@type":"ImageObject","inLanguage":"fr-FR","@id":"https:\/\/silejapon-m-etaitconte.com\/#\/schema\/person\/image\/","url":"https:\/\/secure.gravatar.com\/avatar\/40ae7b85d47b326667fa670480e8fb7deb0882c6ce088e74e39c5c257a4b8316?s=96&d=mm&r=g","contentUrl":"https:\/\/secure.gravatar.com\/avatar\/40ae7b85d47b326667fa670480e8fb7deb0882c6ce088e74e39c5c257a4b8316?s=96&d=mm&r=g","caption":"admin4454"},"url":"https:\/\/silejapon-m-etaitconte.com\/index.php\/author\/admin4454\/"}]}},"_links":{"self":[{"href":"https:\/\/silejapon-m-etaitconte.com\/index.php\/wp-json\/wp\/v2\/posts\/2469","targetHints":{"allow":["GET"]}}],"collection":[{"href":"https:\/\/silejapon-m-etaitconte.com\/index.php\/wp-json\/wp\/v2\/posts"}],"about":[{"href":"https:\/\/silejapon-m-etaitconte.com\/index.php\/wp-json\/wp\/v2\/types\/post"}],"author":[{"embeddable":true,"href":"https:\/\/silejapon-m-etaitconte.com\/index.php\/wp-json\/wp\/v2\/users\/1"}],"replies":[{"embeddable":true,"href":"https:\/\/silejapon-m-etaitconte.com\/index.php\/wp-json\/wp\/v2\/comments?post=2469"}],"version-history":[{"count":8,"href":"https:\/\/silejapon-m-etaitconte.com\/index.php\/wp-json\/wp\/v2\/posts\/2469\/revisions"}],"predecessor-version":[{"id":2486,"href":"https:\/\/silejapon-m-etaitconte.com\/index.php\/wp-json\/wp\/v2\/posts\/2469\/revisions\/2486"}],"wp:featuredmedia":[{"embeddable":true,"href":"https:\/\/silejapon-m-etaitconte.com\/index.php\/wp-json\/wp\/v2\/media\/2488"}],"wp:attachment":[{"href":"https:\/\/silejapon-m-etaitconte.com\/index.php\/wp-json\/wp\/v2\/media?parent=2469"}],"wp:term":[{"taxonomy":"category","embeddable":true,"href":"https:\/\/silejapon-m-etaitconte.com\/index.php\/wp-json\/wp\/v2\/categories?post=2469"},{"taxonomy":"post_tag","embeddable":true,"href":"https:\/\/silejapon-m-etaitconte.com\/index.php\/wp-json\/wp\/v2\/tags?post=2469"}],"curies":[{"name":"wp","href":"https:\/\/api.w.org\/{rel}","templated":true}]}}