{"id":2432,"date":"2025-09-24T09:14:45","date_gmt":"2025-09-24T07:14:45","guid":{"rendered":"https:\/\/silejapon-m-etaitconte.com\/?p=2432"},"modified":"2025-09-24T09:15:24","modified_gmt":"2025-09-24T07:15:24","slug":"festival-mille-et-une-lanternes","status":"publish","type":"post","link":"https:\/\/silejapon-m-etaitconte.com\/index.php\/2025\/09\/24\/festival-mille-et-une-lanternes\/","title":{"rendered":"Festival Mille et une Lanternes"},"content":{"rendered":"\n<p>La troisi\u00e8me \u00e9dition du <a href=\"https:\/\/www.facebook.com\/profile.php?id=61551073977257&amp;__cft__[0]=AZW_d13h8gsfVV7a7NRWngzpNsvs9C25EY_7fK9Fh97w54rxF496Gnk_cwXU29NvcgSxdu67xfa2IJ5LrRmxaSH4I0YURHe9IRZxmV-ZJcEZO8YX2Uej8TOGm1rl83aiNGbElAaU33zF0W6p9oRBcMdBR7f5VKmNDg6cSssuq8b8ZxF2mEoKUW7bBiBRQ5doc0kvLF15wSXGo8w3X5J9IiIi&amp;__tn__=-]K-R\">Festival Mille et une Lanternes<\/a> organis\u00e9e par l&rsquo;<a href=\"https:\/\/www.facebook.com\/acff66?__cft__[0]=AZWpDos9r0hlt7ah9I4n_5XZePqwLSWeNkGLaba1fLMbL4V5SwMb7VVYWMS7Q7ND2Hw1PQn5LILcOkCGZw4H3WQOlMmC5CdPCVHD-8fixircAhg2QWM9xzhmsjLASDeSf7vXxNK9tkdLWfqmmu_qHDVxhL7dY-wxVlxSx1GCkPwSAQ_jzAXj7Hzrp6uBGSiPzGE&amp;__tn__=-]C%2CP-R\">Association Canetoise F\u00e9erique et Fantastique<\/a> aura lieu ce week-end, le 27 et 2 septembre, \u00e0 Canet en Roussillon. <\/p>\n\n\n\n<p>Si le Japon m&rsquo;\u00e9tait cont\u00e9 propose : <br>&#8211; <strong>Conf\u00e9rence quiz avec diaporama sur les coutumes japonaises<\/strong> : Samedi de 12h30 \u00e0 13h30<br>&#8211; <strong>Quiz manga et anim\u00e9s <\/strong>:  Dimanche de 15h \u00e015h30<br>Au stand <strong>atelier lanternes en origami <\/strong>et puis une <strong>nouvelle expo photo<\/strong> avec pleins de nouvelles photos in\u00e9dites du voyage 2025 et de T\u00f4ky\u00f4 et la r\u00e9gion du Kant\u00f4 !<\/p>\n\n\n\n<figure class=\"wp-block-gallery has-nested-images columns-2 is-cropped wp-block-gallery-1 is-layout-flex wp-block-gallery-is-layout-flex\">\n<figure class=\"wp-block-image size-large\"><img loading=\"lazy\" decoding=\"async\" width=\"1024\" height=\"768\" data-id=\"2434\" src=\"https:\/\/silejapon-m-etaitconte.com\/wp-content\/uploads\/2025\/09\/expo-photo-mille-et-une-lanternes.007.jpg\" alt=\"\" class=\"wp-image-2434\" srcset=\"https:\/\/silejapon-m-etaitconte.com\/wp-content\/uploads\/2025\/09\/expo-photo-mille-et-une-lanternes.007.jpg 1024w, https:\/\/silejapon-m-etaitconte.com\/wp-content\/uploads\/2025\/09\/expo-photo-mille-et-une-lanternes.007-300x225.jpg 300w, https:\/\/silejapon-m-etaitconte.com\/wp-content\/uploads\/2025\/09\/expo-photo-mille-et-une-lanternes.007-768x576.jpg 768w, https:\/\/silejapon-m-etaitconte.com\/wp-content\/uploads\/2025\/09\/expo-photo-mille-et-une-lanternes.007-600x450.jpg 600w\" sizes=\"auto, (max-width: 1024px) 100vw, 1024px\" \/><\/figure>\n\n\n\n<figure class=\"wp-block-image size-large\"><img loading=\"lazy\" decoding=\"async\" width=\"1208\" height=\"680\" data-id=\"2440\" src=\"https:\/\/silejapon-m-etaitconte.com\/wp-content\/uploads\/2025\/09\/20250420_205518-edited.jpg\" alt=\"\" class=\"wp-image-2440\" srcset=\"https:\/\/silejapon-m-etaitconte.com\/wp-content\/uploads\/2025\/09\/20250420_205518-edited.jpg 1208w, https:\/\/silejapon-m-etaitconte.com\/wp-content\/uploads\/2025\/09\/20250420_205518-edited-300x169.jpg 300w, https:\/\/silejapon-m-etaitconte.com\/wp-content\/uploads\/2025\/09\/20250420_205518-edited-1024x576.jpg 1024w, https:\/\/silejapon-m-etaitconte.com\/wp-content\/uploads\/2025\/09\/20250420_205518-edited-768x432.jpg 768w\" sizes=\"auto, (max-width: 1208px) 100vw, 1208px\" \/><\/figure>\n\n\n\n<figure class=\"wp-block-image size-large\"><img loading=\"lazy\" decoding=\"async\" width=\"1024\" height=\"768\" data-id=\"2436\" src=\"https:\/\/silejapon-m-etaitconte.com\/wp-content\/uploads\/2025\/09\/affiche-quiz-manga.jpg\" alt=\"\" class=\"wp-image-2436\" srcset=\"https:\/\/silejapon-m-etaitconte.com\/wp-content\/uploads\/2025\/09\/affiche-quiz-manga.jpg 1024w, https:\/\/silejapon-m-etaitconte.com\/wp-content\/uploads\/2025\/09\/affiche-quiz-manga-300x225.jpg 300w, https:\/\/silejapon-m-etaitconte.com\/wp-content\/uploads\/2025\/09\/affiche-quiz-manga-768x576.jpg 768w, https:\/\/silejapon-m-etaitconte.com\/wp-content\/uploads\/2025\/09\/affiche-quiz-manga-600x450.jpg 600w\" sizes=\"auto, (max-width: 1024px) 100vw, 1024px\" \/><\/figure>\n\n\n\n<figure class=\"wp-block-image size-large\"><img loading=\"lazy\" decoding=\"async\" width=\"1024\" height=\"768\" data-id=\"2435\" src=\"https:\/\/silejapon-m-etaitconte.com\/wp-content\/uploads\/2025\/09\/affiche-conf-quiz.jpg\" alt=\"\" class=\"wp-image-2435\" srcset=\"https:\/\/silejapon-m-etaitconte.com\/wp-content\/uploads\/2025\/09\/affiche-conf-quiz.jpg 1024w, https:\/\/silejapon-m-etaitconte.com\/wp-content\/uploads\/2025\/09\/affiche-conf-quiz-300x225.jpg 300w, https:\/\/silejapon-m-etaitconte.com\/wp-content\/uploads\/2025\/09\/affiche-conf-quiz-768x576.jpg 768w, https:\/\/silejapon-m-etaitconte.com\/wp-content\/uploads\/2025\/09\/affiche-conf-quiz-600x450.jpg 600w\" sizes=\"auto, (max-width: 1024px) 100vw, 1024px\" \/><\/figure>\n<\/figure>\n","protected":false},"excerpt":{"rendered":"<p>La troisi\u00e8me \u00e9dition du Festival Mille et une Lanternes organis\u00e9e par l&rsquo;Association Canetoise F\u00e9erique et Fantastique aura lieu ce week-end, le 27 et 2 septembre, \u00e0 Canet en Roussillon. Si le Japon m&rsquo;\u00e9tait cont\u00e9 propose : &#8211; Conf\u00e9rence quiz avec diaporama sur les coutumes japonaises : Samedi de 12h30 \u00e0 13h30&#8211; Quiz manga et anim\u00e9s : Dimanche de 15h \u00e015h30Au stand atelier lanternes en origami et puis une nouvelle expo photo avec pleins de nouvelles photos in\u00e9dites du voyage 2025 et de T\u00f4ky\u00f4 et la r\u00e9gion du Kant\u00f4 !<\/p>\n","protected":false},"author":1,"featured_media":2433,"comment_status":"closed","ping_status":"closed","sticky":false,"template":"","format":"standard","meta":{"footnotes":""},"categories":[1],"tags":[],"class_list":["post-2432","post","type-post","status-publish","format-standard","has-post-thumbnail","hentry","category-non-classe","comments-off"],"yoast_head":"<!-- This site is optimized with the Yoast SEO plugin v21.0 - https:\/\/yoast.com\/wordpress\/plugins\/seo\/ -->\n<title>Festival Mille et une Lanternes - Si le Japon m&#039;\u00e9tait cont\u00e9<\/title>\n<meta name=\"robots\" content=\"index, follow, max-snippet:-1, max-image-preview:large, max-video-preview:-1\" \/>\n<link rel=\"canonical\" href=\"https:\/\/silejapon-m-etaitconte.com\/index.php\/2025\/09\/24\/festival-mille-et-une-lanternes\/\" \/>\n<meta property=\"og:locale\" content=\"fr_FR\" \/>\n<meta property=\"og:type\" content=\"article\" \/>\n<meta property=\"og:title\" content=\"Festival Mille et une Lanternes - Si le Japon m&#039;\u00e9tait cont\u00e9\" \/>\n<meta property=\"og:description\" content=\"La troisi\u00e8me \u00e9dition du Festival Mille et une Lanternes organis\u00e9e par l&rsquo;Association Canetoise F\u00e9erique et Fantastique aura lieu ce week-end, le 27 et 2 septembre, \u00e0 Canet en Roussillon. Si le Japon m&rsquo;\u00e9tait cont\u00e9 propose : &#8211; Conf\u00e9rence quiz avec diaporama sur les coutumes japonaises : Samedi de 12h30 \u00e0 13h30&#8211; Quiz manga et anim\u00e9s : Dimanche de 15h \u00e015h30Au stand atelier lanternes en origami et puis une nouvelle expo photo avec pleins de nouvelles photos in\u00e9dites du voyage 2025 et de T\u00f4ky\u00f4 et la r\u00e9gion du Kant\u00f4 !\" \/>\n<meta property=\"og:url\" content=\"https:\/\/silejapon-m-etaitconte.com\/index.php\/2025\/09\/24\/festival-mille-et-une-lanternes\/\" \/>\n<meta property=\"og:site_name\" content=\"Si le Japon m&#039;\u00e9tait cont\u00e9\" \/>\n<meta property=\"article:publisher\" content=\"https:\/\/www.facebook.com\/people\/Si-le-Japon-mtait-cont\/100081623407869\/\" \/>\n<meta property=\"article:published_time\" content=\"2025-09-24T07:14:45+00:00\" \/>\n<meta property=\"article:modified_time\" content=\"2025-09-24T07:15:24+00:00\" \/>\n<meta property=\"og:image\" content=\"https:\/\/silejapon-m-etaitconte.com\/wp-content\/uploads\/2025\/09\/549170552_122240165888035799_892429190690377365_n.jpg\" \/>\n\t<meta property=\"og:image:width\" content=\"1442\" \/>\n\t<meta property=\"og:image:height\" content=\"2048\" \/>\n\t<meta property=\"og:image:type\" content=\"image\/jpeg\" \/>\n<meta name=\"author\" content=\"admin4454\" \/>\n<meta name=\"twitter:card\" content=\"summary_large_image\" \/>\n<meta name=\"twitter:label1\" content=\"\u00c9crit par\" \/>\n\t<meta name=\"twitter:data1\" content=\"admin4454\" \/>\n\t<meta name=\"twitter:label2\" content=\"Dur\u00e9e de lecture estim\u00e9e\" \/>\n\t<meta name=\"twitter:data2\" content=\"2 minutes\" \/>\n<script type=\"application\/ld+json\" class=\"yoast-schema-graph\">{\"@context\":\"https:\/\/schema.org\",\"@graph\":[{\"@type\":\"Article\",\"@id\":\"https:\/\/silejapon-m-etaitconte.com\/index.php\/2025\/09\/24\/festival-mille-et-une-lanternes\/#article\",\"isPartOf\":{\"@id\":\"https:\/\/silejapon-m-etaitconte.com\/index.php\/2025\/09\/24\/festival-mille-et-une-lanternes\/\"},\"author\":{\"name\":\"admin4454\",\"@id\":\"https:\/\/silejapon-m-etaitconte.com\/#\/schema\/person\/ba7e7b3d19a2ee4ad8b2fe9e66825510\"},\"headline\":\"Festival Mille et une Lanternes\",\"datePublished\":\"2025-09-24T07:14:45+00:00\",\"dateModified\":\"2025-09-24T07:15:24+00:00\",\"mainEntityOfPage\":{\"@id\":\"https:\/\/silejapon-m-etaitconte.com\/index.php\/2025\/09\/24\/festival-mille-et-une-lanternes\/\"},\"wordCount\":96,\"publisher\":{\"@id\":\"https:\/\/silejapon-m-etaitconte.com\/#organization\"},\"inLanguage\":\"fr-FR\"},{\"@type\":\"WebPage\",\"@id\":\"https:\/\/silejapon-m-etaitconte.com\/index.php\/2025\/09\/24\/festival-mille-et-une-lanternes\/\",\"url\":\"https:\/\/silejapon-m-etaitconte.com\/index.php\/2025\/09\/24\/festival-mille-et-une-lanternes\/\",\"name\":\"Festival Mille et une Lanternes - Si le Japon m&#039;\u00e9tait cont\u00e9\",\"isPartOf\":{\"@id\":\"https:\/\/silejapon-m-etaitconte.com\/#website\"},\"datePublished\":\"2025-09-24T07:14:45+00:00\",\"dateModified\":\"2025-09-24T07:15:24+00:00\",\"breadcrumb\":{\"@id\":\"https:\/\/silejapon-m-etaitconte.com\/index.php\/2025\/09\/24\/festival-mille-et-une-lanternes\/#breadcrumb\"},\"inLanguage\":\"fr-FR\",\"potentialAction\":[{\"@type\":\"ReadAction\",\"target\":[\"https:\/\/silejapon-m-etaitconte.com\/index.php\/2025\/09\/24\/festival-mille-et-une-lanternes\/\"]}]},{\"@type\":\"BreadcrumbList\",\"@id\":\"https:\/\/silejapon-m-etaitconte.com\/index.php\/2025\/09\/24\/festival-mille-et-une-lanternes\/#breadcrumb\",\"itemListElement\":[{\"@type\":\"ListItem\",\"position\":1,\"name\":\"Accueil\",\"item\":\"https:\/\/silejapon-m-etaitconte.com\/\"},{\"@type\":\"ListItem\",\"position\":2,\"name\":\"Festival Mille et une Lanternes\"}]},{\"@type\":\"WebSite\",\"@id\":\"https:\/\/silejapon-m-etaitconte.com\/#website\",\"url\":\"https:\/\/silejapon-m-etaitconte.com\/\",\"name\":\"Si le Japon m'\u00e9tait cont\u00e9\",\"description\":\"Une passerelle entre la France et le Japon\",\"publisher\":{\"@id\":\"https:\/\/silejapon-m-etaitconte.com\/#organization\"},\"potentialAction\":[{\"@type\":\"SearchAction\",\"target\":{\"@type\":\"EntryPoint\",\"urlTemplate\":\"https:\/\/silejapon-m-etaitconte.com\/?s={search_term_string}\"},\"query-input\":\"required name=search_term_string\"}],\"inLanguage\":\"fr-FR\"},{\"@type\":\"Organization\",\"@id\":\"https:\/\/silejapon-m-etaitconte.com\/#organization\",\"name\":\"Si le Japon m'\u00e9tait cont\u00e9\",\"url\":\"https:\/\/silejapon-m-etaitconte.com\/\",\"logo\":{\"@type\":\"ImageObject\",\"inLanguage\":\"fr-FR\",\"@id\":\"https:\/\/silejapon-m-etaitconte.com\/#\/schema\/logo\/image\/\",\"url\":\"https:\/\/silejapon-m-etaitconte.com\/wp-content\/uploads\/2022\/02\/logo_long.jpg\",\"contentUrl\":\"https:\/\/silejapon-m-etaitconte.com\/wp-content\/uploads\/2022\/02\/logo_long.jpg\",\"width\":2444,\"height\":390,\"caption\":\"Si le Japon m'\u00e9tait cont\u00e9\"},\"image\":{\"@id\":\"https:\/\/silejapon-m-etaitconte.com\/#\/schema\/logo\/image\/\"},\"sameAs\":[\"https:\/\/www.facebook.com\/people\/Si-le-Japon-mtait-cont\/100081623407869\/\"]},{\"@type\":\"Person\",\"@id\":\"https:\/\/silejapon-m-etaitconte.com\/#\/schema\/person\/ba7e7b3d19a2ee4ad8b2fe9e66825510\",\"name\":\"admin4454\",\"image\":{\"@type\":\"ImageObject\",\"inLanguage\":\"fr-FR\",\"@id\":\"https:\/\/silejapon-m-etaitconte.com\/#\/schema\/person\/image\/\",\"url\":\"https:\/\/secure.gravatar.com\/avatar\/40ae7b85d47b326667fa670480e8fb7deb0882c6ce088e74e39c5c257a4b8316?s=96&d=mm&r=g\",\"contentUrl\":\"https:\/\/secure.gravatar.com\/avatar\/40ae7b85d47b326667fa670480e8fb7deb0882c6ce088e74e39c5c257a4b8316?s=96&d=mm&r=g\",\"caption\":\"admin4454\"},\"url\":\"https:\/\/silejapon-m-etaitconte.com\/index.php\/author\/admin4454\/\"}]}<\/script>\n<!-- \/ Yoast SEO plugin. -->","yoast_head_json":{"title":"Festival Mille et une Lanternes - Si le Japon m&#039;\u00e9tait cont\u00e9","robots":{"index":"index","follow":"follow","max-snippet":"max-snippet:-1","max-image-preview":"max-image-preview:large","max-video-preview":"max-video-preview:-1"},"canonical":"https:\/\/silejapon-m-etaitconte.com\/index.php\/2025\/09\/24\/festival-mille-et-une-lanternes\/","og_locale":"fr_FR","og_type":"article","og_title":"Festival Mille et une Lanternes - Si le Japon m&#039;\u00e9tait cont\u00e9","og_description":"La troisi\u00e8me \u00e9dition du Festival Mille et une Lanternes organis\u00e9e par l&rsquo;Association Canetoise F\u00e9erique et Fantastique aura lieu ce week-end, le 27 et 2 septembre, \u00e0 Canet en Roussillon. Si le Japon m&rsquo;\u00e9tait cont\u00e9 propose : &#8211; Conf\u00e9rence quiz avec diaporama sur les coutumes japonaises : Samedi de 12h30 \u00e0 13h30&#8211; Quiz manga et anim\u00e9s : Dimanche de 15h \u00e015h30Au stand atelier lanternes en origami et puis une nouvelle expo photo avec pleins de nouvelles photos in\u00e9dites du voyage 2025 et de T\u00f4ky\u00f4 et la r\u00e9gion du Kant\u00f4 !","og_url":"https:\/\/silejapon-m-etaitconte.com\/index.php\/2025\/09\/24\/festival-mille-et-une-lanternes\/","og_site_name":"Si le Japon m&#039;\u00e9tait cont\u00e9","article_publisher":"https:\/\/www.facebook.com\/people\/Si-le-Japon-mtait-cont\/100081623407869\/","article_published_time":"2025-09-24T07:14:45+00:00","article_modified_time":"2025-09-24T07:15:24+00:00","og_image":[{"width":1442,"height":2048,"url":"https:\/\/silejapon-m-etaitconte.com\/wp-content\/uploads\/2025\/09\/549170552_122240165888035799_892429190690377365_n.jpg","type":"image\/jpeg"}],"author":"admin4454","twitter_card":"summary_large_image","twitter_misc":{"\u00c9crit par":"admin4454","Dur\u00e9e de lecture estim\u00e9e":"2 minutes"},"schema":{"@context":"https:\/\/schema.org","@graph":[{"@type":"Article","@id":"https:\/\/silejapon-m-etaitconte.com\/index.php\/2025\/09\/24\/festival-mille-et-une-lanternes\/#article","isPartOf":{"@id":"https:\/\/silejapon-m-etaitconte.com\/index.php\/2025\/09\/24\/festival-mille-et-une-lanternes\/"},"author":{"name":"admin4454","@id":"https:\/\/silejapon-m-etaitconte.com\/#\/schema\/person\/ba7e7b3d19a2ee4ad8b2fe9e66825510"},"headline":"Festival Mille et une Lanternes","datePublished":"2025-09-24T07:14:45+00:00","dateModified":"2025-09-24T07:15:24+00:00","mainEntityOfPage":{"@id":"https:\/\/silejapon-m-etaitconte.com\/index.php\/2025\/09\/24\/festival-mille-et-une-lanternes\/"},"wordCount":96,"publisher":{"@id":"https:\/\/silejapon-m-etaitconte.com\/#organization"},"inLanguage":"fr-FR"},{"@type":"WebPage","@id":"https:\/\/silejapon-m-etaitconte.com\/index.php\/2025\/09\/24\/festival-mille-et-une-lanternes\/","url":"https:\/\/silejapon-m-etaitconte.com\/index.php\/2025\/09\/24\/festival-mille-et-une-lanternes\/","name":"Festival Mille et une Lanternes - Si le Japon m&#039;\u00e9tait cont\u00e9","isPartOf":{"@id":"https:\/\/silejapon-m-etaitconte.com\/#website"},"datePublished":"2025-09-24T07:14:45+00:00","dateModified":"2025-09-24T07:15:24+00:00","breadcrumb":{"@id":"https:\/\/silejapon-m-etaitconte.com\/index.php\/2025\/09\/24\/festival-mille-et-une-lanternes\/#breadcrumb"},"inLanguage":"fr-FR","potentialAction":[{"@type":"ReadAction","target":["https:\/\/silejapon-m-etaitconte.com\/index.php\/2025\/09\/24\/festival-mille-et-une-lanternes\/"]}]},{"@type":"BreadcrumbList","@id":"https:\/\/silejapon-m-etaitconte.com\/index.php\/2025\/09\/24\/festival-mille-et-une-lanternes\/#breadcrumb","itemListElement":[{"@type":"ListItem","position":1,"name":"Accueil","item":"https:\/\/silejapon-m-etaitconte.com\/"},{"@type":"ListItem","position":2,"name":"Festival Mille et une Lanternes"}]},{"@type":"WebSite","@id":"https:\/\/silejapon-m-etaitconte.com\/#website","url":"https:\/\/silejapon-m-etaitconte.com\/","name":"Si le Japon m'\u00e9tait cont\u00e9","description":"Une passerelle entre la France et le Japon","publisher":{"@id":"https:\/\/silejapon-m-etaitconte.com\/#organization"},"potentialAction":[{"@type":"SearchAction","target":{"@type":"EntryPoint","urlTemplate":"https:\/\/silejapon-m-etaitconte.com\/?s={search_term_string}"},"query-input":"required name=search_term_string"}],"inLanguage":"fr-FR"},{"@type":"Organization","@id":"https:\/\/silejapon-m-etaitconte.com\/#organization","name":"Si le Japon m'\u00e9tait cont\u00e9","url":"https:\/\/silejapon-m-etaitconte.com\/","logo":{"@type":"ImageObject","inLanguage":"fr-FR","@id":"https:\/\/silejapon-m-etaitconte.com\/#\/schema\/logo\/image\/","url":"https:\/\/silejapon-m-etaitconte.com\/wp-content\/uploads\/2022\/02\/logo_long.jpg","contentUrl":"https:\/\/silejapon-m-etaitconte.com\/wp-content\/uploads\/2022\/02\/logo_long.jpg","width":2444,"height":390,"caption":"Si le Japon m'\u00e9tait cont\u00e9"},"image":{"@id":"https:\/\/silejapon-m-etaitconte.com\/#\/schema\/logo\/image\/"},"sameAs":["https:\/\/www.facebook.com\/people\/Si-le-Japon-mtait-cont\/100081623407869\/"]},{"@type":"Person","@id":"https:\/\/silejapon-m-etaitconte.com\/#\/schema\/person\/ba7e7b3d19a2ee4ad8b2fe9e66825510","name":"admin4454","image":{"@type":"ImageObject","inLanguage":"fr-FR","@id":"https:\/\/silejapon-m-etaitconte.com\/#\/schema\/person\/image\/","url":"https:\/\/secure.gravatar.com\/avatar\/40ae7b85d47b326667fa670480e8fb7deb0882c6ce088e74e39c5c257a4b8316?s=96&d=mm&r=g","contentUrl":"https:\/\/secure.gravatar.com\/avatar\/40ae7b85d47b326667fa670480e8fb7deb0882c6ce088e74e39c5c257a4b8316?s=96&d=mm&r=g","caption":"admin4454"},"url":"https:\/\/silejapon-m-etaitconte.com\/index.php\/author\/admin4454\/"}]}},"_links":{"self":[{"href":"https:\/\/silejapon-m-etaitconte.com\/index.php\/wp-json\/wp\/v2\/posts\/2432","targetHints":{"allow":["GET"]}}],"collection":[{"href":"https:\/\/silejapon-m-etaitconte.com\/index.php\/wp-json\/wp\/v2\/posts"}],"about":[{"href":"https:\/\/silejapon-m-etaitconte.com\/index.php\/wp-json\/wp\/v2\/types\/post"}],"author":[{"embeddable":true,"href":"https:\/\/silejapon-m-etaitconte.com\/index.php\/wp-json\/wp\/v2\/users\/1"}],"replies":[{"embeddable":true,"href":"https:\/\/silejapon-m-etaitconte.com\/index.php\/wp-json\/wp\/v2\/comments?post=2432"}],"version-history":[{"count":2,"href":"https:\/\/silejapon-m-etaitconte.com\/index.php\/wp-json\/wp\/v2\/posts\/2432\/revisions"}],"predecessor-version":[{"id":2442,"href":"https:\/\/silejapon-m-etaitconte.com\/index.php\/wp-json\/wp\/v2\/posts\/2432\/revisions\/2442"}],"wp:featuredmedia":[{"embeddable":true,"href":"https:\/\/silejapon-m-etaitconte.com\/index.php\/wp-json\/wp\/v2\/media\/2433"}],"wp:attachment":[{"href":"https:\/\/silejapon-m-etaitconte.com\/index.php\/wp-json\/wp\/v2\/media?parent=2432"}],"wp:term":[{"taxonomy":"category","embeddable":true,"href":"https:\/\/silejapon-m-etaitconte.com\/index.php\/wp-json\/wp\/v2\/categories?post=2432"},{"taxonomy":"post_tag","embeddable":true,"href":"https:\/\/silejapon-m-etaitconte.com\/index.php\/wp-json\/wp\/v2\/tags?post=2432"}],"curies":[{"name":"wp","href":"https:\/\/api.w.org\/{rel}","templated":true}]}}