{"id":2419,"date":"2025-09-13T19:02:13","date_gmt":"2025-09-13T17:02:13","guid":{"rendered":"https:\/\/silejapon-m-etaitconte.com\/?p=2419"},"modified":"2025-09-13T19:22:59","modified_gmt":"2025-09-13T17:22:59","slug":"notre-rentree-septembre-2025","status":"publish","type":"post","link":"https:\/\/silejapon-m-etaitconte.com\/index.php\/2025\/09\/13\/notre-rentree-septembre-2025\/","title":{"rendered":"Notre rentr\u00e9e septembre 2025"},"content":{"rendered":"\n<div class=\"wp-block-media-text is-stacked-on-mobile is-vertically-aligned-top has-light-gray-background-color has-background\"><figure class=\"wp-block-media-text__media\"><img loading=\"lazy\" decoding=\"async\" width=\"724\" height=\"1024\" src=\"https:\/\/silejapon-m-etaitconte.com\/wp-content\/uploads\/2025\/09\/ateliers-manga-yugi-2025-2026-version-16h-18h-1-724x1024.jpg\" alt=\"\" class=\"wp-image-2420 size-full\" srcset=\"https:\/\/silejapon-m-etaitconte.com\/wp-content\/uploads\/2025\/09\/ateliers-manga-yugi-2025-2026-version-16h-18h-1-724x1024.jpg 724w, https:\/\/silejapon-m-etaitconte.com\/wp-content\/uploads\/2025\/09\/ateliers-manga-yugi-2025-2026-version-16h-18h-1-212x300.jpg 212w, https:\/\/silejapon-m-etaitconte.com\/wp-content\/uploads\/2025\/09\/ateliers-manga-yugi-2025-2026-version-16h-18h-1-768x1086.jpg 768w, https:\/\/silejapon-m-etaitconte.com\/wp-content\/uploads\/2025\/09\/ateliers-manga-yugi-2025-2026-version-16h-18h-1-1086x1536.jpg 1086w, https:\/\/silejapon-m-etaitconte.com\/wp-content\/uploads\/2025\/09\/ateliers-manga-yugi-2025-2026-version-16h-18h-1-1448x2048.jpg 1448w, https:\/\/silejapon-m-etaitconte.com\/wp-content\/uploads\/2025\/09\/ateliers-manga-yugi-2025-2026-version-16h-18h-1.jpg 1587w\" sizes=\"auto, (max-width: 724px) 100vw, 724px\" \/><\/figure><div class=\"wp-block-media-text__content\">\n<p><strong>Ateliers manga de Yugi, \u00ab\u00a0Viens dessiner et cr\u00e9er des pages manga !\u00a0\u00bb<\/strong>, <strong>une fois par mois <\/strong>(tous les premiers mercredis d\u2019octobre \u00e0 mai), <strong>16h-18h<\/strong><br>A partir de 10 ans<br>Tarif&nbsp;:<br>60 \u20ac + frais d\u2019adh\u00e9sion annuelle<br>55 \u20ac pour les moins de 18 ans + frais d\u2019adh\u00e9sion annuelle<\/p>\n\n\n\n<p class=\"has-text-align-left\">***Il y aura aussi d&rsquo;autres ateliers manga de Yugi et de Samuel (voir \u00ab&nbsp;<a href=\"https:\/\/silejapon-m-etaitconte.com\/index.php\/a-propos\/\">Qui sommes-nous<\/a>?&nbsp;\u00bb) pendant les vacances scolaires <\/p>\n<\/div><\/div>\n\n\n\n<div class=\"wp-block-media-text is-stacked-on-mobile is-vertically-aligned-top\"><figure class=\"wp-block-media-text__media\"><img loading=\"lazy\" decoding=\"async\" width=\"724\" height=\"1024\" src=\"https:\/\/silejapon-m-etaitconte.com\/wp-content\/uploads\/2025\/09\/japonais2025-1-724x1024.png\" alt=\"\" class=\"wp-image-2421 size-full\" srcset=\"https:\/\/silejapon-m-etaitconte.com\/wp-content\/uploads\/2025\/09\/japonais2025-1-724x1024.png 724w, https:\/\/silejapon-m-etaitconte.com\/wp-content\/uploads\/2025\/09\/japonais2025-1-212x300.png 212w, https:\/\/silejapon-m-etaitconte.com\/wp-content\/uploads\/2025\/09\/japonais2025-1-768x1086.png 768w, https:\/\/silejapon-m-etaitconte.com\/wp-content\/uploads\/2025\/09\/japonais2025-1-1086x1536.png 1086w, https:\/\/silejapon-m-etaitconte.com\/wp-content\/uploads\/2025\/09\/japonais2025-1-1448x2048.png 1448w, https:\/\/silejapon-m-etaitconte.com\/wp-content\/uploads\/2025\/09\/japonais2025-1.png 1587w\" sizes=\"auto, (max-width: 724px) 100vw, 724px\" \/><\/figure><div class=\"wp-block-media-text__content\">\n<p><strong>Cours de japonais :<\/strong><br><strong>Mercredis apr\u00e8s-midi, \u00e0 la salle Pessebre \u00e0 Prades<\/strong><br>Nombre de personnes dans chaque groupe&nbsp;: 4-7 personnes<br>Cours accessibles \u00e0 partir de 11 ans<br>Avec Ti\u00e9, professeur native du Japon (voir \u00ab&nbsp;<a href=\"https:\/\/silejapon-m-etaitconte.com\/index.php\/a-propos\/\">Qui sommes-nous<\/a>?&nbsp;\u00bb)<\/p>\n\n\n\n<p>Tarif&nbsp;:<br>90 \u20ac par trimestre + frais d\u2019adh\u00e9sion annuelle<br>70 \u20ac par trimestre pour les moins de 18 ans + frais d\u2019adh\u00e9sion annuelle<br>&nbsp;<\/p>\n<\/div><\/div>\n\n\n\n<div class=\"wp-block-media-text is-stacked-on-mobile is-vertically-aligned-top has-light-gray-background-color has-background\"><figure class=\"wp-block-media-text__media\"><img loading=\"lazy\" decoding=\"async\" width=\"724\" height=\"1024\" src=\"https:\/\/silejapon-m-etaitconte.com\/wp-content\/uploads\/2025\/09\/jeu-de-go-25-26-1-724x1024.png\" alt=\"\" class=\"wp-image-2422 size-full\" srcset=\"https:\/\/silejapon-m-etaitconte.com\/wp-content\/uploads\/2025\/09\/jeu-de-go-25-26-1-724x1024.png 724w, https:\/\/silejapon-m-etaitconte.com\/wp-content\/uploads\/2025\/09\/jeu-de-go-25-26-1-212x300.png 212w, https:\/\/silejapon-m-etaitconte.com\/wp-content\/uploads\/2025\/09\/jeu-de-go-25-26-1-768x1086.png 768w, https:\/\/silejapon-m-etaitconte.com\/wp-content\/uploads\/2025\/09\/jeu-de-go-25-26-1-1086x1536.png 1086w, https:\/\/silejapon-m-etaitconte.com\/wp-content\/uploads\/2025\/09\/jeu-de-go-25-26-1.png 1414w\" sizes=\"auto, (max-width: 724px) 100vw, 724px\" \/><\/figure><div class=\"wp-block-media-text__content\">\n<p><strong>Atelier jeu de go<\/strong> :<br><strong>Mercredis de 16h \u00e0 18h \u00e0 la salle Pessebre \u00e0 Prades&nbsp;<\/strong><\/p>\n\n\n\n<p>Ateliers accessibles \u00e0 partir de 8 ans<br>Avec Jean, animateur de jeu de go (voir \u00ab&nbsp;<a href=\"https:\/\/silejapon-m-etaitconte.com\/index.php\/a-propos\/\">Qui sommes-nous<\/a>?&nbsp;\u00bb)<\/p>\n\n\n\n<p>Tarif&nbsp;:<br>30 \u20ac par trimestre + frais d\u2019adh\u00e9sion annuelle<\/p>\n<\/div><\/div>\n\n\n\n<div class=\"wp-block-media-text is-stacked-on-mobile is-vertically-aligned-top\"><figure class=\"wp-block-media-text__media\"><img loading=\"lazy\" decoding=\"async\" width=\"724\" height=\"1024\" src=\"https:\/\/silejapon-m-etaitconte.com\/wp-content\/uploads\/2025\/09\/Atelier-de-discussion-sur-la-culture-japonaise-1-724x1024.png\" alt=\"\" class=\"wp-image-2427 size-full\" srcset=\"https:\/\/silejapon-m-etaitconte.com\/wp-content\/uploads\/2025\/09\/Atelier-de-discussion-sur-la-culture-japonaise-1-724x1024.png 724w, https:\/\/silejapon-m-etaitconte.com\/wp-content\/uploads\/2025\/09\/Atelier-de-discussion-sur-la-culture-japonaise-1-212x300.png 212w, https:\/\/silejapon-m-etaitconte.com\/wp-content\/uploads\/2025\/09\/Atelier-de-discussion-sur-la-culture-japonaise-1-768x1086.png 768w, https:\/\/silejapon-m-etaitconte.com\/wp-content\/uploads\/2025\/09\/Atelier-de-discussion-sur-la-culture-japonaise-1-1086x1536.png 1086w, https:\/\/silejapon-m-etaitconte.com\/wp-content\/uploads\/2025\/09\/Atelier-de-discussion-sur-la-culture-japonaise-1-1448x2048.png 1448w, https:\/\/silejapon-m-etaitconte.com\/wp-content\/uploads\/2025\/09\/Atelier-de-discussion-sur-la-culture-japonaise-1.png 1587w\" sizes=\"auto, (max-width: 724px) 100vw, 724px\" \/><\/figure><div class=\"wp-block-media-text__content\">\n<p><strong>Table-ronde<\/strong>, <strong>\u00ab\u00a0Discussion sur la culture japonaise, pass\u00e9e et actuelle\u00a0\u00bb<\/strong><\/p>\n\n\n\n<p>L&rsquo;atelier de 2h sera programm\u00e9 tous les 2 mois<\/p>\n\n\n\n<p>Contacter Christian pour plus d&rsquo;infos : 06 20 44 28 17<br>christianpierrehee@gmail.com<\/p>\n<\/div><\/div>\n\n\n\n<p class=\"has-white-color has-dark-gray-background-color has-text-color has-background has-link-color wp-elements-2bbfb704121dfd3b5794510862a80b95\">Les frais d\u2019adh\u00e9sion annuelle\u00a0: 10\u20ac par personne (5\u20ac pour les moins de 18 ans) et 20\u20ac par famille<\/p>\n\n\n\n<div class=\"wp-block-media-text is-stacked-on-mobile is-vertically-aligned-top has-background\" style=\"background-color:#fffce0\"><figure class=\"wp-block-media-text__media\"><img loading=\"lazy\" decoding=\"async\" width=\"1024\" height=\"721\" src=\"https:\/\/silejapon-m-etaitconte.com\/wp-content\/uploads\/2025\/09\/couleur-famille-sep-25-1024x721.jpg\" alt=\"\" class=\"wp-image-2424 size-full\" srcset=\"https:\/\/silejapon-m-etaitconte.com\/wp-content\/uploads\/2025\/09\/couleur-famille-sep-25-1024x721.jpg 1024w, https:\/\/silejapon-m-etaitconte.com\/wp-content\/uploads\/2025\/09\/couleur-famille-sep-25-300x211.jpg 300w, https:\/\/silejapon-m-etaitconte.com\/wp-content\/uploads\/2025\/09\/couleur-famille-sep-25-768x541.jpg 768w, https:\/\/silejapon-m-etaitconte.com\/wp-content\/uploads\/2025\/09\/couleur-famille-sep-25-1536x1082.jpg 1536w, https:\/\/silejapon-m-etaitconte.com\/wp-content\/uploads\/2025\/09\/couleur-famille-sep-25.jpg 2000w\" sizes=\"auto, (max-width: 1024px) 100vw, 1024px\" \/><\/figure><div class=\"wp-block-media-text__content\">\n<p><strong>Ateliers cr\u00e9atifs avec <\/strong><a href=\"https:\/\/www.facebook.com\/profile.php?id=100088564345438&amp;locale=fr_FR\" target=\"_blank\" rel=\"noreferrer noopener\"><strong>Couleur Famille<\/strong><\/a><\/p>\n\n\n\n<p>\u00ab\u00a0<strong>Shod\u00f4, calligraphie japonaise<\/strong>\u00a0\u00bb le vendredi 12 septembre 14h-16h&nbsp;<br>annul\u00e9 pour cause sanitaire<\/p>\n\n\n\n<p>\u00ab\u00a0<strong>Art de papier japonais, kamisuki (fabrication de papier)\u00a0\u00bb<\/strong> le vendredi 26 septembre 14h-16h<br><br>Gratuit<br>R\u00e9servation : Couleur Famille &nbsp;: 06 07 06 11 15<\/p>\n<\/div><\/div>\n\n\n\n<p><\/p>\n","protected":false},"excerpt":{"rendered":"<p>Ateliers manga de Yugi, \u00ab\u00a0Viens dessiner et cr\u00e9er des pages manga !\u00a0\u00bb, une fois par mois (tous les premiers mercredis d\u2019octobre \u00e0 mai), 16h-18hA partir de 10 ansTarif&nbsp;:60 \u20ac + frais d\u2019adh\u00e9sion annuelle55 \u20ac pour les moins de 18 ans + frais d\u2019adh\u00e9sion annuelle ***Il y aura aussi d&rsquo;autres ateliers manga de Yugi et de Samuel (voir \u00ab&nbsp;Qui sommes-nous?&nbsp;\u00bb) pendant les vacances scolaires Cours de japonais :Mercredis apr\u00e8s-midi, \u00e0 la salle Pessebre \u00e0 PradesNombre de personnes dans chaque groupe&nbsp;: 4-7 personnesCours accessibles \u00e0 partir de 11 ansAvec Ti\u00e9, professeur native du Japon (voir \u00ab&nbsp;Qui sommes-nous?&nbsp;\u00bb) Tarif&nbsp;:90 \u20ac par trimestre +<\/p>\n","protected":false},"author":1,"featured_media":2429,"comment_status":"closed","ping_status":"closed","sticky":false,"template":"","format":"standard","meta":{"footnotes":""},"categories":[1],"tags":[],"class_list":["post-2419","post","type-post","status-publish","format-standard","has-post-thumbnail","hentry","category-non-classe","comments-off"],"yoast_head":"<!-- This site is optimized with the Yoast SEO plugin v21.0 - https:\/\/yoast.com\/wordpress\/plugins\/seo\/ -->\n<title>Notre rentr\u00e9e septembre 2025 - Si le Japon m&#039;\u00e9tait cont\u00e9<\/title>\n<meta name=\"robots\" content=\"index, follow, max-snippet:-1, max-image-preview:large, max-video-preview:-1\" \/>\n<link rel=\"canonical\" href=\"https:\/\/silejapon-m-etaitconte.com\/index.php\/2025\/09\/13\/notre-rentree-septembre-2025\/\" \/>\n<meta property=\"og:locale\" content=\"fr_FR\" \/>\n<meta property=\"og:type\" content=\"article\" \/>\n<meta property=\"og:title\" content=\"Notre rentr\u00e9e septembre 2025 - Si le Japon m&#039;\u00e9tait cont\u00e9\" \/>\n<meta property=\"og:description\" content=\"Ateliers manga de Yugi, \u00ab\u00a0Viens dessiner et cr\u00e9er des pages manga !\u00a0\u00bb, une fois par mois (tous les premiers mercredis d\u2019octobre \u00e0 mai), 16h-18hA partir de 10 ansTarif&nbsp;:60 \u20ac + frais d\u2019adh\u00e9sion annuelle55 \u20ac pour les moins de 18 ans + frais d\u2019adh\u00e9sion annuelle ***Il y aura aussi d&rsquo;autres ateliers manga de Yugi et de Samuel (voir \u00ab&nbsp;Qui sommes-nous?&nbsp;\u00bb) pendant les vacances scolaires Cours de japonais :Mercredis apr\u00e8s-midi, \u00e0 la salle Pessebre \u00e0 PradesNombre de personnes dans chaque groupe&nbsp;: 4-7 personnesCours accessibles \u00e0 partir de 11 ansAvec Ti\u00e9, professeur native du Japon (voir \u00ab&nbsp;Qui sommes-nous?&nbsp;\u00bb) Tarif&nbsp;:90 \u20ac par trimestre +\" \/>\n<meta property=\"og:url\" content=\"https:\/\/silejapon-m-etaitconte.com\/index.php\/2025\/09\/13\/notre-rentree-septembre-2025\/\" \/>\n<meta property=\"og:site_name\" content=\"Si le Japon m&#039;\u00e9tait cont\u00e9\" \/>\n<meta property=\"article:publisher\" content=\"https:\/\/www.facebook.com\/people\/Si-le-Japon-mtait-cont\/100081623407869\/\" \/>\n<meta property=\"article:published_time\" content=\"2025-09-13T17:02:13+00:00\" \/>\n<meta property=\"article:modified_time\" content=\"2025-09-13T17:22:59+00:00\" \/>\n<meta name=\"author\" content=\"admin4454\" \/>\n<meta name=\"twitter:card\" content=\"summary_large_image\" \/>\n<meta name=\"twitter:image\" content=\"https:\/\/silejapon-m-etaitconte.com\/wp-content\/uploads\/2025\/09\/Flyer2025-26-pdf.jpg\" \/>\n<meta name=\"twitter:label1\" content=\"\u00c9crit par\" \/>\n\t<meta name=\"twitter:data1\" content=\"admin4454\" \/>\n\t<meta name=\"twitter:label2\" content=\"Dur\u00e9e de lecture estim\u00e9e\" \/>\n\t<meta name=\"twitter:data2\" content=\"3 minutes\" \/>\n<script type=\"application\/ld+json\" class=\"yoast-schema-graph\">{\"@context\":\"https:\/\/schema.org\",\"@graph\":[{\"@type\":\"Article\",\"@id\":\"https:\/\/silejapon-m-etaitconte.com\/index.php\/2025\/09\/13\/notre-rentree-septembre-2025\/#article\",\"isPartOf\":{\"@id\":\"https:\/\/silejapon-m-etaitconte.com\/index.php\/2025\/09\/13\/notre-rentree-septembre-2025\/\"},\"author\":{\"name\":\"admin4454\",\"@id\":\"https:\/\/silejapon-m-etaitconte.com\/#\/schema\/person\/ba7e7b3d19a2ee4ad8b2fe9e66825510\"},\"headline\":\"Notre rentr\u00e9e septembre 2025\",\"datePublished\":\"2025-09-13T17:02:13+00:00\",\"dateModified\":\"2025-09-13T17:22:59+00:00\",\"mainEntityOfPage\":{\"@id\":\"https:\/\/silejapon-m-etaitconte.com\/index.php\/2025\/09\/13\/notre-rentree-septembre-2025\/\"},\"wordCount\":242,\"publisher\":{\"@id\":\"https:\/\/silejapon-m-etaitconte.com\/#organization\"},\"inLanguage\":\"fr-FR\"},{\"@type\":\"WebPage\",\"@id\":\"https:\/\/silejapon-m-etaitconte.com\/index.php\/2025\/09\/13\/notre-rentree-septembre-2025\/\",\"url\":\"https:\/\/silejapon-m-etaitconte.com\/index.php\/2025\/09\/13\/notre-rentree-septembre-2025\/\",\"name\":\"Notre rentr\u00e9e septembre 2025 - Si le Japon m&#039;\u00e9tait cont\u00e9\",\"isPartOf\":{\"@id\":\"https:\/\/silejapon-m-etaitconte.com\/#website\"},\"datePublished\":\"2025-09-13T17:02:13+00:00\",\"dateModified\":\"2025-09-13T17:22:59+00:00\",\"breadcrumb\":{\"@id\":\"https:\/\/silejapon-m-etaitconte.com\/index.php\/2025\/09\/13\/notre-rentree-septembre-2025\/#breadcrumb\"},\"inLanguage\":\"fr-FR\",\"potentialAction\":[{\"@type\":\"ReadAction\",\"target\":[\"https:\/\/silejapon-m-etaitconte.com\/index.php\/2025\/09\/13\/notre-rentree-septembre-2025\/\"]}]},{\"@type\":\"BreadcrumbList\",\"@id\":\"https:\/\/silejapon-m-etaitconte.com\/index.php\/2025\/09\/13\/notre-rentree-septembre-2025\/#breadcrumb\",\"itemListElement\":[{\"@type\":\"ListItem\",\"position\":1,\"name\":\"Accueil\",\"item\":\"https:\/\/silejapon-m-etaitconte.com\/\"},{\"@type\":\"ListItem\",\"position\":2,\"name\":\"Notre rentr\u00e9e septembre 2025\"}]},{\"@type\":\"WebSite\",\"@id\":\"https:\/\/silejapon-m-etaitconte.com\/#website\",\"url\":\"https:\/\/silejapon-m-etaitconte.com\/\",\"name\":\"Si le Japon m'\u00e9tait cont\u00e9\",\"description\":\"Une passerelle entre la France et le Japon\",\"publisher\":{\"@id\":\"https:\/\/silejapon-m-etaitconte.com\/#organization\"},\"potentialAction\":[{\"@type\":\"SearchAction\",\"target\":{\"@type\":\"EntryPoint\",\"urlTemplate\":\"https:\/\/silejapon-m-etaitconte.com\/?s={search_term_string}\"},\"query-input\":\"required name=search_term_string\"}],\"inLanguage\":\"fr-FR\"},{\"@type\":\"Organization\",\"@id\":\"https:\/\/silejapon-m-etaitconte.com\/#organization\",\"name\":\"Si le Japon m'\u00e9tait cont\u00e9\",\"url\":\"https:\/\/silejapon-m-etaitconte.com\/\",\"logo\":{\"@type\":\"ImageObject\",\"inLanguage\":\"fr-FR\",\"@id\":\"https:\/\/silejapon-m-etaitconte.com\/#\/schema\/logo\/image\/\",\"url\":\"https:\/\/silejapon-m-etaitconte.com\/wp-content\/uploads\/2022\/02\/logo_long.jpg\",\"contentUrl\":\"https:\/\/silejapon-m-etaitconte.com\/wp-content\/uploads\/2022\/02\/logo_long.jpg\",\"width\":2444,\"height\":390,\"caption\":\"Si le Japon m'\u00e9tait cont\u00e9\"},\"image\":{\"@id\":\"https:\/\/silejapon-m-etaitconte.com\/#\/schema\/logo\/image\/\"},\"sameAs\":[\"https:\/\/www.facebook.com\/people\/Si-le-Japon-mtait-cont\/100081623407869\/\"]},{\"@type\":\"Person\",\"@id\":\"https:\/\/silejapon-m-etaitconte.com\/#\/schema\/person\/ba7e7b3d19a2ee4ad8b2fe9e66825510\",\"name\":\"admin4454\",\"image\":{\"@type\":\"ImageObject\",\"inLanguage\":\"fr-FR\",\"@id\":\"https:\/\/silejapon-m-etaitconte.com\/#\/schema\/person\/image\/\",\"url\":\"https:\/\/secure.gravatar.com\/avatar\/40ae7b85d47b326667fa670480e8fb7deb0882c6ce088e74e39c5c257a4b8316?s=96&d=mm&r=g\",\"contentUrl\":\"https:\/\/secure.gravatar.com\/avatar\/40ae7b85d47b326667fa670480e8fb7deb0882c6ce088e74e39c5c257a4b8316?s=96&d=mm&r=g\",\"caption\":\"admin4454\"},\"url\":\"https:\/\/silejapon-m-etaitconte.com\/index.php\/author\/admin4454\/\"}]}<\/script>\n<!-- \/ Yoast SEO plugin. -->","yoast_head_json":{"title":"Notre rentr\u00e9e septembre 2025 - Si le Japon m&#039;\u00e9tait cont\u00e9","robots":{"index":"index","follow":"follow","max-snippet":"max-snippet:-1","max-image-preview":"max-image-preview:large","max-video-preview":"max-video-preview:-1"},"canonical":"https:\/\/silejapon-m-etaitconte.com\/index.php\/2025\/09\/13\/notre-rentree-septembre-2025\/","og_locale":"fr_FR","og_type":"article","og_title":"Notre rentr\u00e9e septembre 2025 - Si le Japon m&#039;\u00e9tait cont\u00e9","og_description":"Ateliers manga de Yugi, \u00ab\u00a0Viens dessiner et cr\u00e9er des pages manga !\u00a0\u00bb, une fois par mois (tous les premiers mercredis d\u2019octobre \u00e0 mai), 16h-18hA partir de 10 ansTarif&nbsp;:60 \u20ac + frais d\u2019adh\u00e9sion annuelle55 \u20ac pour les moins de 18 ans + frais d\u2019adh\u00e9sion annuelle ***Il y aura aussi d&rsquo;autres ateliers manga de Yugi et de Samuel (voir \u00ab&nbsp;Qui sommes-nous?&nbsp;\u00bb) pendant les vacances scolaires Cours de japonais :Mercredis apr\u00e8s-midi, \u00e0 la salle Pessebre \u00e0 PradesNombre de personnes dans chaque groupe&nbsp;: 4-7 personnesCours accessibles \u00e0 partir de 11 ansAvec Ti\u00e9, professeur native du Japon (voir \u00ab&nbsp;Qui sommes-nous?&nbsp;\u00bb) Tarif&nbsp;:90 \u20ac par trimestre +","og_url":"https:\/\/silejapon-m-etaitconte.com\/index.php\/2025\/09\/13\/notre-rentree-septembre-2025\/","og_site_name":"Si le Japon m&#039;\u00e9tait cont\u00e9","article_publisher":"https:\/\/www.facebook.com\/people\/Si-le-Japon-mtait-cont\/100081623407869\/","article_published_time":"2025-09-13T17:02:13+00:00","article_modified_time":"2025-09-13T17:22:59+00:00","author":"admin4454","twitter_card":"summary_large_image","twitter_image":"https:\/\/silejapon-m-etaitconte.com\/wp-content\/uploads\/2025\/09\/Flyer2025-26-pdf.jpg","twitter_misc":{"\u00c9crit par":"admin4454","Dur\u00e9e de lecture estim\u00e9e":"3 minutes"},"schema":{"@context":"https:\/\/schema.org","@graph":[{"@type":"Article","@id":"https:\/\/silejapon-m-etaitconte.com\/index.php\/2025\/09\/13\/notre-rentree-septembre-2025\/#article","isPartOf":{"@id":"https:\/\/silejapon-m-etaitconte.com\/index.php\/2025\/09\/13\/notre-rentree-septembre-2025\/"},"author":{"name":"admin4454","@id":"https:\/\/silejapon-m-etaitconte.com\/#\/schema\/person\/ba7e7b3d19a2ee4ad8b2fe9e66825510"},"headline":"Notre rentr\u00e9e septembre 2025","datePublished":"2025-09-13T17:02:13+00:00","dateModified":"2025-09-13T17:22:59+00:00","mainEntityOfPage":{"@id":"https:\/\/silejapon-m-etaitconte.com\/index.php\/2025\/09\/13\/notre-rentree-septembre-2025\/"},"wordCount":242,"publisher":{"@id":"https:\/\/silejapon-m-etaitconte.com\/#organization"},"inLanguage":"fr-FR"},{"@type":"WebPage","@id":"https:\/\/silejapon-m-etaitconte.com\/index.php\/2025\/09\/13\/notre-rentree-septembre-2025\/","url":"https:\/\/silejapon-m-etaitconte.com\/index.php\/2025\/09\/13\/notre-rentree-septembre-2025\/","name":"Notre rentr\u00e9e septembre 2025 - Si le Japon m&#039;\u00e9tait cont\u00e9","isPartOf":{"@id":"https:\/\/silejapon-m-etaitconte.com\/#website"},"datePublished":"2025-09-13T17:02:13+00:00","dateModified":"2025-09-13T17:22:59+00:00","breadcrumb":{"@id":"https:\/\/silejapon-m-etaitconte.com\/index.php\/2025\/09\/13\/notre-rentree-septembre-2025\/#breadcrumb"},"inLanguage":"fr-FR","potentialAction":[{"@type":"ReadAction","target":["https:\/\/silejapon-m-etaitconte.com\/index.php\/2025\/09\/13\/notre-rentree-septembre-2025\/"]}]},{"@type":"BreadcrumbList","@id":"https:\/\/silejapon-m-etaitconte.com\/index.php\/2025\/09\/13\/notre-rentree-septembre-2025\/#breadcrumb","itemListElement":[{"@type":"ListItem","position":1,"name":"Accueil","item":"https:\/\/silejapon-m-etaitconte.com\/"},{"@type":"ListItem","position":2,"name":"Notre rentr\u00e9e septembre 2025"}]},{"@type":"WebSite","@id":"https:\/\/silejapon-m-etaitconte.com\/#website","url":"https:\/\/silejapon-m-etaitconte.com\/","name":"Si le Japon m'\u00e9tait cont\u00e9","description":"Une passerelle entre la France et le Japon","publisher":{"@id":"https:\/\/silejapon-m-etaitconte.com\/#organization"},"potentialAction":[{"@type":"SearchAction","target":{"@type":"EntryPoint","urlTemplate":"https:\/\/silejapon-m-etaitconte.com\/?s={search_term_string}"},"query-input":"required name=search_term_string"}],"inLanguage":"fr-FR"},{"@type":"Organization","@id":"https:\/\/silejapon-m-etaitconte.com\/#organization","name":"Si le Japon m'\u00e9tait cont\u00e9","url":"https:\/\/silejapon-m-etaitconte.com\/","logo":{"@type":"ImageObject","inLanguage":"fr-FR","@id":"https:\/\/silejapon-m-etaitconte.com\/#\/schema\/logo\/image\/","url":"https:\/\/silejapon-m-etaitconte.com\/wp-content\/uploads\/2022\/02\/logo_long.jpg","contentUrl":"https:\/\/silejapon-m-etaitconte.com\/wp-content\/uploads\/2022\/02\/logo_long.jpg","width":2444,"height":390,"caption":"Si le Japon m'\u00e9tait cont\u00e9"},"image":{"@id":"https:\/\/silejapon-m-etaitconte.com\/#\/schema\/logo\/image\/"},"sameAs":["https:\/\/www.facebook.com\/people\/Si-le-Japon-mtait-cont\/100081623407869\/"]},{"@type":"Person","@id":"https:\/\/silejapon-m-etaitconte.com\/#\/schema\/person\/ba7e7b3d19a2ee4ad8b2fe9e66825510","name":"admin4454","image":{"@type":"ImageObject","inLanguage":"fr-FR","@id":"https:\/\/silejapon-m-etaitconte.com\/#\/schema\/person\/image\/","url":"https:\/\/secure.gravatar.com\/avatar\/40ae7b85d47b326667fa670480e8fb7deb0882c6ce088e74e39c5c257a4b8316?s=96&d=mm&r=g","contentUrl":"https:\/\/secure.gravatar.com\/avatar\/40ae7b85d47b326667fa670480e8fb7deb0882c6ce088e74e39c5c257a4b8316?s=96&d=mm&r=g","caption":"admin4454"},"url":"https:\/\/silejapon-m-etaitconte.com\/index.php\/author\/admin4454\/"}]}},"_links":{"self":[{"href":"https:\/\/silejapon-m-etaitconte.com\/index.php\/wp-json\/wp\/v2\/posts\/2419","targetHints":{"allow":["GET"]}}],"collection":[{"href":"https:\/\/silejapon-m-etaitconte.com\/index.php\/wp-json\/wp\/v2\/posts"}],"about":[{"href":"https:\/\/silejapon-m-etaitconte.com\/index.php\/wp-json\/wp\/v2\/types\/post"}],"author":[{"embeddable":true,"href":"https:\/\/silejapon-m-etaitconte.com\/index.php\/wp-json\/wp\/v2\/users\/1"}],"replies":[{"embeddable":true,"href":"https:\/\/silejapon-m-etaitconte.com\/index.php\/wp-json\/wp\/v2\/comments?post=2419"}],"version-history":[{"count":4,"href":"https:\/\/silejapon-m-etaitconte.com\/index.php\/wp-json\/wp\/v2\/posts\/2419\/revisions"}],"predecessor-version":[{"id":2430,"href":"https:\/\/silejapon-m-etaitconte.com\/index.php\/wp-json\/wp\/v2\/posts\/2419\/revisions\/2430"}],"wp:featuredmedia":[{"embeddable":true,"href":"https:\/\/silejapon-m-etaitconte.com\/index.php\/wp-json\/wp\/v2\/media\/2429"}],"wp:attachment":[{"href":"https:\/\/silejapon-m-etaitconte.com\/index.php\/wp-json\/wp\/v2\/media?parent=2419"}],"wp:term":[{"taxonomy":"category","embeddable":true,"href":"https:\/\/silejapon-m-etaitconte.com\/index.php\/wp-json\/wp\/v2\/categories?post=2419"},{"taxonomy":"post_tag","embeddable":true,"href":"https:\/\/silejapon-m-etaitconte.com\/index.php\/wp-json\/wp\/v2\/tags?post=2419"}],"curies":[{"name":"wp","href":"https:\/\/api.w.org\/{rel}","templated":true}]}}