{"id":1792,"date":"2024-03-31T20:57:39","date_gmt":"2024-03-31T18:57:39","guid":{"rendered":"https:\/\/silejapon-m-etaitconte.com\/?p=1792"},"modified":"2024-03-31T20:59:14","modified_gmt":"2024-03-31T18:59:14","slug":"48h-de-la-bd-avec-la-libambulle","status":"publish","type":"post","link":"https:\/\/silejapon-m-etaitconte.com\/index.php\/2024\/03\/31\/48h-de-la-bd-avec-la-libambulle\/","title":{"rendered":"48H de la BD avec La libambulle"},"content":{"rendered":"\n<p>Pour les <a href=\"http:\/\/www.48hbd.com\/\"><strong>48h de la BD<\/strong><\/a> on organise avec la librairie <a href=\"https:\/\/www.librairielalibambulle.fr\/\"><strong>La libambulle<\/strong><\/a> de Prades, <\/p>\n\n\n\n<p>&#8211; 1 <strong>atelier<\/strong> <strong>sc\u00e9nario manga<\/strong> par <strong>Laurence Schaak<\/strong> une autrice de litt\u00e9rature jeunesse du d\u00e9partement<\/p>\n\n\n\n<p>&#8211; 1 <strong>atelier<\/strong> <strong>dessin manga<\/strong> par <strong>Yugi <\/strong>une jeune dessinatrice talentueuse qui anime d\u00e9j\u00e0 une partie de nos ateliers dessin.<\/p>\n\n\n\n<p>&#8211; 1 <strong>conf\u00e9rence sur le manga<\/strong> par<strong> J\u00e9r\u00f4me Fabre<\/strong> dipl\u00f4m\u00e9 d&rsquo;histoire japonaise, passionn\u00e9 du Japon et de sa culture, ayant v\u00e9cu l\u00e0-bas et fin connaisseur de l&rsquo;univers du manga.<\/p>\n","protected":false},"excerpt":{"rendered":"<p>Pour les 48h de la BD on organise avec la librairie La libambulle de Prades, &#8211; 1 atelier sc\u00e9nario manga par Laurence Schaak une autrice de litt\u00e9rature jeunesse du d\u00e9partement &#8211; 1 atelier dessin manga par Yugi une jeune dessinatrice talentueuse qui anime d\u00e9j\u00e0 une partie de nos ateliers dessin. &#8211; 1 conf\u00e9rence sur le manga par J\u00e9r\u00f4me Fabre dipl\u00f4m\u00e9 d&rsquo;histoire japonaise, passionn\u00e9 du Japon et de sa culture, ayant v\u00e9cu l\u00e0-bas et fin connaisseur de l&rsquo;univers du manga.<\/p>\n","protected":false},"author":1,"featured_media":1793,"comment_status":"closed","ping_status":"closed","sticky":false,"template":"","format":"standard","meta":{"footnotes":""},"categories":[4],"tags":[],"class_list":["post-1792","post","type-post","status-publish","format-standard","has-post-thumbnail","hentry","category-evenements","comments-off"],"yoast_head":"<!-- This site is optimized with the Yoast SEO plugin v21.0 - https:\/\/yoast.com\/wordpress\/plugins\/seo\/ -->\n<title>48H de la BD avec La libambulle - Si le Japon m&#039;\u00e9tait cont\u00e9<\/title>\n<meta name=\"robots\" content=\"index, follow, max-snippet:-1, max-image-preview:large, max-video-preview:-1\" \/>\n<link rel=\"canonical\" href=\"https:\/\/silejapon-m-etaitconte.com\/index.php\/2024\/03\/31\/48h-de-la-bd-avec-la-libambulle\/\" \/>\n<meta property=\"og:locale\" content=\"fr_FR\" \/>\n<meta property=\"og:type\" content=\"article\" \/>\n<meta property=\"og:title\" content=\"48H de la BD avec La libambulle - Si le Japon m&#039;\u00e9tait cont\u00e9\" \/>\n<meta property=\"og:description\" content=\"Pour les 48h de la BD on organise avec la librairie La libambulle de Prades, &#8211; 1 atelier sc\u00e9nario manga par Laurence Schaak une autrice de litt\u00e9rature jeunesse du d\u00e9partement &#8211; 1 atelier dessin manga par Yugi une jeune dessinatrice talentueuse qui anime d\u00e9j\u00e0 une partie de nos ateliers dessin. &#8211; 1 conf\u00e9rence sur le manga par J\u00e9r\u00f4me Fabre dipl\u00f4m\u00e9 d&rsquo;histoire japonaise, passionn\u00e9 du Japon et de sa culture, ayant v\u00e9cu l\u00e0-bas et fin connaisseur de l&rsquo;univers du manga.\" \/>\n<meta property=\"og:url\" content=\"https:\/\/silejapon-m-etaitconte.com\/index.php\/2024\/03\/31\/48h-de-la-bd-avec-la-libambulle\/\" \/>\n<meta property=\"og:site_name\" content=\"Si le Japon m&#039;\u00e9tait cont\u00e9\" \/>\n<meta property=\"article:publisher\" content=\"https:\/\/www.facebook.com\/people\/Si-le-Japon-mtait-cont\/100081623407869\/\" \/>\n<meta property=\"article:published_time\" content=\"2024-03-31T18:57:39+00:00\" \/>\n<meta property=\"article:modified_time\" content=\"2024-03-31T18:59:14+00:00\" \/>\n<meta property=\"og:image\" content=\"https:\/\/silejapon-m-etaitconte.com\/wp-content\/uploads\/2024\/03\/affiche-48h-BD.jpg\" \/>\n\t<meta property=\"og:image:width\" content=\"794\" \/>\n\t<meta property=\"og:image:height\" content=\"1123\" \/>\n\t<meta property=\"og:image:type\" content=\"image\/jpeg\" \/>\n<meta name=\"author\" content=\"admin4454\" \/>\n<meta name=\"twitter:card\" content=\"summary_large_image\" \/>\n<meta name=\"twitter:label1\" content=\"\u00c9crit par\" \/>\n\t<meta name=\"twitter:data1\" content=\"admin4454\" \/>\n\t<meta name=\"twitter:label2\" content=\"Dur\u00e9e de lecture estim\u00e9e\" \/>\n\t<meta name=\"twitter:data2\" content=\"1 minute\" \/>\n<script type=\"application\/ld+json\" class=\"yoast-schema-graph\">{\"@context\":\"https:\/\/schema.org\",\"@graph\":[{\"@type\":\"Article\",\"@id\":\"https:\/\/silejapon-m-etaitconte.com\/index.php\/2024\/03\/31\/48h-de-la-bd-avec-la-libambulle\/#article\",\"isPartOf\":{\"@id\":\"https:\/\/silejapon-m-etaitconte.com\/index.php\/2024\/03\/31\/48h-de-la-bd-avec-la-libambulle\/\"},\"author\":{\"name\":\"admin4454\",\"@id\":\"https:\/\/silejapon-m-etaitconte.com\/#\/schema\/person\/ba7e7b3d19a2ee4ad8b2fe9e66825510\"},\"headline\":\"48H de la BD avec La libambulle\",\"datePublished\":\"2024-03-31T18:57:39+00:00\",\"dateModified\":\"2024-03-31T18:59:14+00:00\",\"mainEntityOfPage\":{\"@id\":\"https:\/\/silejapon-m-etaitconte.com\/index.php\/2024\/03\/31\/48h-de-la-bd-avec-la-libambulle\/\"},\"wordCount\":93,\"publisher\":{\"@id\":\"https:\/\/silejapon-m-etaitconte.com\/#organization\"},\"articleSection\":[\"Ev\u00e8nements\"],\"inLanguage\":\"fr-FR\"},{\"@type\":\"WebPage\",\"@id\":\"https:\/\/silejapon-m-etaitconte.com\/index.php\/2024\/03\/31\/48h-de-la-bd-avec-la-libambulle\/\",\"url\":\"https:\/\/silejapon-m-etaitconte.com\/index.php\/2024\/03\/31\/48h-de-la-bd-avec-la-libambulle\/\",\"name\":\"48H de la BD avec La libambulle - Si le Japon m&#039;\u00e9tait cont\u00e9\",\"isPartOf\":{\"@id\":\"https:\/\/silejapon-m-etaitconte.com\/#website\"},\"datePublished\":\"2024-03-31T18:57:39+00:00\",\"dateModified\":\"2024-03-31T18:59:14+00:00\",\"breadcrumb\":{\"@id\":\"https:\/\/silejapon-m-etaitconte.com\/index.php\/2024\/03\/31\/48h-de-la-bd-avec-la-libambulle\/#breadcrumb\"},\"inLanguage\":\"fr-FR\",\"potentialAction\":[{\"@type\":\"ReadAction\",\"target\":[\"https:\/\/silejapon-m-etaitconte.com\/index.php\/2024\/03\/31\/48h-de-la-bd-avec-la-libambulle\/\"]}]},{\"@type\":\"BreadcrumbList\",\"@id\":\"https:\/\/silejapon-m-etaitconte.com\/index.php\/2024\/03\/31\/48h-de-la-bd-avec-la-libambulle\/#breadcrumb\",\"itemListElement\":[{\"@type\":\"ListItem\",\"position\":1,\"name\":\"Accueil\",\"item\":\"https:\/\/silejapon-m-etaitconte.com\/\"},{\"@type\":\"ListItem\",\"position\":2,\"name\":\"48H de la BD avec La libambulle\"}]},{\"@type\":\"WebSite\",\"@id\":\"https:\/\/silejapon-m-etaitconte.com\/#website\",\"url\":\"https:\/\/silejapon-m-etaitconte.com\/\",\"name\":\"Si le Japon m'\u00e9tait cont\u00e9\",\"description\":\"Une passerelle entre la France et le Japon\",\"publisher\":{\"@id\":\"https:\/\/silejapon-m-etaitconte.com\/#organization\"},\"potentialAction\":[{\"@type\":\"SearchAction\",\"target\":{\"@type\":\"EntryPoint\",\"urlTemplate\":\"https:\/\/silejapon-m-etaitconte.com\/?s={search_term_string}\"},\"query-input\":\"required name=search_term_string\"}],\"inLanguage\":\"fr-FR\"},{\"@type\":\"Organization\",\"@id\":\"https:\/\/silejapon-m-etaitconte.com\/#organization\",\"name\":\"Si le Japon m'\u00e9tait cont\u00e9\",\"url\":\"https:\/\/silejapon-m-etaitconte.com\/\",\"logo\":{\"@type\":\"ImageObject\",\"inLanguage\":\"fr-FR\",\"@id\":\"https:\/\/silejapon-m-etaitconte.com\/#\/schema\/logo\/image\/\",\"url\":\"https:\/\/silejapon-m-etaitconte.com\/wp-content\/uploads\/2022\/02\/logo_long.jpg\",\"contentUrl\":\"https:\/\/silejapon-m-etaitconte.com\/wp-content\/uploads\/2022\/02\/logo_long.jpg\",\"width\":2444,\"height\":390,\"caption\":\"Si le Japon m'\u00e9tait cont\u00e9\"},\"image\":{\"@id\":\"https:\/\/silejapon-m-etaitconte.com\/#\/schema\/logo\/image\/\"},\"sameAs\":[\"https:\/\/www.facebook.com\/people\/Si-le-Japon-mtait-cont\/100081623407869\/\"]},{\"@type\":\"Person\",\"@id\":\"https:\/\/silejapon-m-etaitconte.com\/#\/schema\/person\/ba7e7b3d19a2ee4ad8b2fe9e66825510\",\"name\":\"admin4454\",\"image\":{\"@type\":\"ImageObject\",\"inLanguage\":\"fr-FR\",\"@id\":\"https:\/\/silejapon-m-etaitconte.com\/#\/schema\/person\/image\/\",\"url\":\"https:\/\/secure.gravatar.com\/avatar\/40ae7b85d47b326667fa670480e8fb7deb0882c6ce088e74e39c5c257a4b8316?s=96&d=mm&r=g\",\"contentUrl\":\"https:\/\/secure.gravatar.com\/avatar\/40ae7b85d47b326667fa670480e8fb7deb0882c6ce088e74e39c5c257a4b8316?s=96&d=mm&r=g\",\"caption\":\"admin4454\"},\"url\":\"https:\/\/silejapon-m-etaitconte.com\/index.php\/author\/admin4454\/\"}]}<\/script>\n<!-- \/ Yoast SEO plugin. -->","yoast_head_json":{"title":"48H de la BD avec La libambulle - Si le Japon m&#039;\u00e9tait cont\u00e9","robots":{"index":"index","follow":"follow","max-snippet":"max-snippet:-1","max-image-preview":"max-image-preview:large","max-video-preview":"max-video-preview:-1"},"canonical":"https:\/\/silejapon-m-etaitconte.com\/index.php\/2024\/03\/31\/48h-de-la-bd-avec-la-libambulle\/","og_locale":"fr_FR","og_type":"article","og_title":"48H de la BD avec La libambulle - Si le Japon m&#039;\u00e9tait cont\u00e9","og_description":"Pour les 48h de la BD on organise avec la librairie La libambulle de Prades, &#8211; 1 atelier sc\u00e9nario manga par Laurence Schaak une autrice de litt\u00e9rature jeunesse du d\u00e9partement &#8211; 1 atelier dessin manga par Yugi une jeune dessinatrice talentueuse qui anime d\u00e9j\u00e0 une partie de nos ateliers dessin. &#8211; 1 conf\u00e9rence sur le manga par J\u00e9r\u00f4me Fabre dipl\u00f4m\u00e9 d&rsquo;histoire japonaise, passionn\u00e9 du Japon et de sa culture, ayant v\u00e9cu l\u00e0-bas et fin connaisseur de l&rsquo;univers du manga.","og_url":"https:\/\/silejapon-m-etaitconte.com\/index.php\/2024\/03\/31\/48h-de-la-bd-avec-la-libambulle\/","og_site_name":"Si le Japon m&#039;\u00e9tait cont\u00e9","article_publisher":"https:\/\/www.facebook.com\/people\/Si-le-Japon-mtait-cont\/100081623407869\/","article_published_time":"2024-03-31T18:57:39+00:00","article_modified_time":"2024-03-31T18:59:14+00:00","og_image":[{"width":794,"height":1123,"url":"https:\/\/silejapon-m-etaitconte.com\/wp-content\/uploads\/2024\/03\/affiche-48h-BD.jpg","type":"image\/jpeg"}],"author":"admin4454","twitter_card":"summary_large_image","twitter_misc":{"\u00c9crit par":"admin4454","Dur\u00e9e de lecture estim\u00e9e":"1 minute"},"schema":{"@context":"https:\/\/schema.org","@graph":[{"@type":"Article","@id":"https:\/\/silejapon-m-etaitconte.com\/index.php\/2024\/03\/31\/48h-de-la-bd-avec-la-libambulle\/#article","isPartOf":{"@id":"https:\/\/silejapon-m-etaitconte.com\/index.php\/2024\/03\/31\/48h-de-la-bd-avec-la-libambulle\/"},"author":{"name":"admin4454","@id":"https:\/\/silejapon-m-etaitconte.com\/#\/schema\/person\/ba7e7b3d19a2ee4ad8b2fe9e66825510"},"headline":"48H de la BD avec La libambulle","datePublished":"2024-03-31T18:57:39+00:00","dateModified":"2024-03-31T18:59:14+00:00","mainEntityOfPage":{"@id":"https:\/\/silejapon-m-etaitconte.com\/index.php\/2024\/03\/31\/48h-de-la-bd-avec-la-libambulle\/"},"wordCount":93,"publisher":{"@id":"https:\/\/silejapon-m-etaitconte.com\/#organization"},"articleSection":["Ev\u00e8nements"],"inLanguage":"fr-FR"},{"@type":"WebPage","@id":"https:\/\/silejapon-m-etaitconte.com\/index.php\/2024\/03\/31\/48h-de-la-bd-avec-la-libambulle\/","url":"https:\/\/silejapon-m-etaitconte.com\/index.php\/2024\/03\/31\/48h-de-la-bd-avec-la-libambulle\/","name":"48H de la BD avec La libambulle - Si le Japon m&#039;\u00e9tait cont\u00e9","isPartOf":{"@id":"https:\/\/silejapon-m-etaitconte.com\/#website"},"datePublished":"2024-03-31T18:57:39+00:00","dateModified":"2024-03-31T18:59:14+00:00","breadcrumb":{"@id":"https:\/\/silejapon-m-etaitconte.com\/index.php\/2024\/03\/31\/48h-de-la-bd-avec-la-libambulle\/#breadcrumb"},"inLanguage":"fr-FR","potentialAction":[{"@type":"ReadAction","target":["https:\/\/silejapon-m-etaitconte.com\/index.php\/2024\/03\/31\/48h-de-la-bd-avec-la-libambulle\/"]}]},{"@type":"BreadcrumbList","@id":"https:\/\/silejapon-m-etaitconte.com\/index.php\/2024\/03\/31\/48h-de-la-bd-avec-la-libambulle\/#breadcrumb","itemListElement":[{"@type":"ListItem","position":1,"name":"Accueil","item":"https:\/\/silejapon-m-etaitconte.com\/"},{"@type":"ListItem","position":2,"name":"48H de la BD avec La libambulle"}]},{"@type":"WebSite","@id":"https:\/\/silejapon-m-etaitconte.com\/#website","url":"https:\/\/silejapon-m-etaitconte.com\/","name":"Si le Japon m'\u00e9tait cont\u00e9","description":"Une passerelle entre la France et le Japon","publisher":{"@id":"https:\/\/silejapon-m-etaitconte.com\/#organization"},"potentialAction":[{"@type":"SearchAction","target":{"@type":"EntryPoint","urlTemplate":"https:\/\/silejapon-m-etaitconte.com\/?s={search_term_string}"},"query-input":"required name=search_term_string"}],"inLanguage":"fr-FR"},{"@type":"Organization","@id":"https:\/\/silejapon-m-etaitconte.com\/#organization","name":"Si le Japon m'\u00e9tait cont\u00e9","url":"https:\/\/silejapon-m-etaitconte.com\/","logo":{"@type":"ImageObject","inLanguage":"fr-FR","@id":"https:\/\/silejapon-m-etaitconte.com\/#\/schema\/logo\/image\/","url":"https:\/\/silejapon-m-etaitconte.com\/wp-content\/uploads\/2022\/02\/logo_long.jpg","contentUrl":"https:\/\/silejapon-m-etaitconte.com\/wp-content\/uploads\/2022\/02\/logo_long.jpg","width":2444,"height":390,"caption":"Si le Japon m'\u00e9tait cont\u00e9"},"image":{"@id":"https:\/\/silejapon-m-etaitconte.com\/#\/schema\/logo\/image\/"},"sameAs":["https:\/\/www.facebook.com\/people\/Si-le-Japon-mtait-cont\/100081623407869\/"]},{"@type":"Person","@id":"https:\/\/silejapon-m-etaitconte.com\/#\/schema\/person\/ba7e7b3d19a2ee4ad8b2fe9e66825510","name":"admin4454","image":{"@type":"ImageObject","inLanguage":"fr-FR","@id":"https:\/\/silejapon-m-etaitconte.com\/#\/schema\/person\/image\/","url":"https:\/\/secure.gravatar.com\/avatar\/40ae7b85d47b326667fa670480e8fb7deb0882c6ce088e74e39c5c257a4b8316?s=96&d=mm&r=g","contentUrl":"https:\/\/secure.gravatar.com\/avatar\/40ae7b85d47b326667fa670480e8fb7deb0882c6ce088e74e39c5c257a4b8316?s=96&d=mm&r=g","caption":"admin4454"},"url":"https:\/\/silejapon-m-etaitconte.com\/index.php\/author\/admin4454\/"}]}},"_links":{"self":[{"href":"https:\/\/silejapon-m-etaitconte.com\/index.php\/wp-json\/wp\/v2\/posts\/1792","targetHints":{"allow":["GET"]}}],"collection":[{"href":"https:\/\/silejapon-m-etaitconte.com\/index.php\/wp-json\/wp\/v2\/posts"}],"about":[{"href":"https:\/\/silejapon-m-etaitconte.com\/index.php\/wp-json\/wp\/v2\/types\/post"}],"author":[{"embeddable":true,"href":"https:\/\/silejapon-m-etaitconte.com\/index.php\/wp-json\/wp\/v2\/users\/1"}],"replies":[{"embeddable":true,"href":"https:\/\/silejapon-m-etaitconte.com\/index.php\/wp-json\/wp\/v2\/comments?post=1792"}],"version-history":[{"count":3,"href":"https:\/\/silejapon-m-etaitconte.com\/index.php\/wp-json\/wp\/v2\/posts\/1792\/revisions"}],"predecessor-version":[{"id":1798,"href":"https:\/\/silejapon-m-etaitconte.com\/index.php\/wp-json\/wp\/v2\/posts\/1792\/revisions\/1798"}],"wp:featuredmedia":[{"embeddable":true,"href":"https:\/\/silejapon-m-etaitconte.com\/index.php\/wp-json\/wp\/v2\/media\/1793"}],"wp:attachment":[{"href":"https:\/\/silejapon-m-etaitconte.com\/index.php\/wp-json\/wp\/v2\/media?parent=1792"}],"wp:term":[{"taxonomy":"category","embeddable":true,"href":"https:\/\/silejapon-m-etaitconte.com\/index.php\/wp-json\/wp\/v2\/categories?post=1792"},{"taxonomy":"post_tag","embeddable":true,"href":"https:\/\/silejapon-m-etaitconte.com\/index.php\/wp-json\/wp\/v2\/tags?post=1792"}],"curies":[{"name":"wp","href":"https:\/\/api.w.org\/{rel}","templated":true}]}}