{"id":1335,"date":"2023-04-20T10:34:19","date_gmt":"2023-04-20T08:34:19","guid":{"rendered":"https:\/\/silejapon-m-etaitconte.com\/?p=1335"},"modified":"2023-04-20T10:46:31","modified_gmt":"2023-04-20T08:46:31","slug":"atelier-dessin-manga-de-yugi-aux-vacances-de-printemps","status":"publish","type":"post","link":"https:\/\/silejapon-m-etaitconte.com\/index.php\/2023\/04\/20\/atelier-dessin-manga-de-yugi-aux-vacances-de-printemps\/","title":{"rendered":"Atelier Dessin Manga de Yugi aux vacances de printemps"},"content":{"rendered":"\n<p>C&rsquo;est la derni\u00e8re session des ateliers dessin manga de Yugi cette ann\u00e9e scolaire et le th\u00e8me est \u00ab\u00a0dessiner des Chibis\u00a0\u00bb !!!<br>Qu&rsquo;est ce qu&rsquo;un Chibi ? C&rsquo;est un terme japonais qui d\u00e9signe une \u00ab\u00a0petite personne\u00a0\u00bb avec une mani\u00e8re famili\u00e8re et qu&rsquo;on emploie principalement pour les enfants.<br>Dans l&rsquo;univers du dessin manga \/ anim\u00e9, ce mot est utilis\u00e9 pour d\u00e9signer les personnages d\u00e9form\u00e9s tr\u00e8s petits. On les voit souvent dans les gag mangas ou dans des sc\u00e8nes humoristiques de mangas pour all\u00e9ger un contenu plus s\u00e9rieux, par exemple dans \u00ab\u00a0La rose de Versailles\u00a0\u00bb qui f\u00fbt un des premiers \u00e0 utiliser cet effet et plus r\u00e9cemment dans \u00ab\u00a0Kimetsu no yaiba\u00a0\u00bb. <\/p>\n\n\n\n<p><\/p>\n\n\n\n<p>Voici les dates :<\/p>\n\n\n\n<p><strong>samedi 29 avril de 10h \u00e0 12h<\/strong> : bases des \u00a0\u00bbchibi\u00a0\u00bb (personnage mignon et d\u00e9form\u00e9), voir les expressions, les types de yeux, les types de bouches etc.<\/p>\n\n\n\n<p><strong>samedi 6 mai de 10h \u00e0 12h<\/strong> : mettre au propre un chibi personnalis\u00e9 au choix et en couleur<\/p>\n\n\n\n<p>* Les deux ateliers sont coupl\u00e9s, c&rsquo;est \u00e0 dire que le premier jour on s&rsquo;entra\u00eene sur quelques th\u00e8mes et sur des techniques et puis le deuxi\u00e8me jour on r\u00e9alise un dessin en appliquant toutes les techniques acquises lors du premier atelier.<\/p>\n\n\n\n<p><\/p>\n\n\n\n<p class=\"has-primary-color has-light-gray-background-color has-text-color has-background\">A partir de 10 &#8211; 11 ans <br>R\u00e9servation obligatoire<br>Participation libre \u00e0 partir de 7\u20ac par atelier de 2h<\/p>\n\n\n\n<p class=\"has-dark-gray-color has-light-gray-background-color has-text-color has-background\">L\u2019adh\u00e9sion annuelle demand\u00e9e \u00e0 partir de la 2\u00e8me s\u00e9ance.<br>*frais d\u2019adh\u00e9sion annuelle : 10\u20ac par individu (5\u20ac pour les moins de 18 ans) et 20\u20ac par famille<\/p>\n\n\n\n<figure class=\"wp-block-gallery has-nested-images columns-default is-cropped wp-block-gallery-1 is-layout-flex wp-block-gallery-is-layout-flex\">\n<figure class=\"wp-block-image size-large\"><img loading=\"lazy\" decoding=\"async\" width=\"1024\" height=\"789\" data-id=\"1341\" src=\"https:\/\/silejapon-m-etaitconte.com\/wp-content\/uploads\/2023\/04\/a-1024x789.jpg\" alt=\"\" class=\"wp-image-1341\" srcset=\"https:\/\/silejapon-m-etaitconte.com\/wp-content\/uploads\/2023\/04\/a-1024x789.jpg 1024w, https:\/\/silejapon-m-etaitconte.com\/wp-content\/uploads\/2023\/04\/a-300x231.jpg 300w, https:\/\/silejapon-m-etaitconte.com\/wp-content\/uploads\/2023\/04\/a-768x592.jpg 768w, https:\/\/silejapon-m-etaitconte.com\/wp-content\/uploads\/2023\/04\/a-1536x1183.jpg 1536w, https:\/\/silejapon-m-etaitconte.com\/wp-content\/uploads\/2023\/04\/a-2048x1578.jpg 2048w\" sizes=\"auto, (max-width: 1024px) 100vw, 1024px\" \/><figcaption class=\"wp-element-caption\">vacances de No\u00ebl 1<\/figcaption><\/figure>\n\n\n\n<figure class=\"wp-block-image size-large\"><img loading=\"lazy\" decoding=\"async\" width=\"771\" height=\"1024\" data-id=\"1342\" src=\"https:\/\/silejapon-m-etaitconte.com\/wp-content\/uploads\/2023\/04\/b-771x1024.jpg\" alt=\"\" class=\"wp-image-1342\" srcset=\"https:\/\/silejapon-m-etaitconte.com\/wp-content\/uploads\/2023\/04\/b-771x1024.jpg 771w, https:\/\/silejapon-m-etaitconte.com\/wp-content\/uploads\/2023\/04\/b-226x300.jpg 226w, https:\/\/silejapon-m-etaitconte.com\/wp-content\/uploads\/2023\/04\/b-768x1021.jpg 768w, https:\/\/silejapon-m-etaitconte.com\/wp-content\/uploads\/2023\/04\/b-1156x1536.jpg 1156w, https:\/\/silejapon-m-etaitconte.com\/wp-content\/uploads\/2023\/04\/b.jpg 1341w\" sizes=\"auto, (max-width: 771px) 100vw, 771px\" \/><figcaption class=\"wp-element-caption\">vacances de No\u00ebl 2<\/figcaption><\/figure>\n\n\n\n<figure class=\"wp-block-image size-large\"><img loading=\"lazy\" decoding=\"async\" width=\"591\" height=\"443\" data-id=\"1343\" src=\"https:\/\/silejapon-m-etaitconte.com\/wp-content\/uploads\/2023\/04\/hiver1-1-rotated.jpg\" alt=\"\" class=\"wp-image-1343\" srcset=\"https:\/\/silejapon-m-etaitconte.com\/wp-content\/uploads\/2023\/04\/hiver1-1-rotated.jpg 591w, https:\/\/silejapon-m-etaitconte.com\/wp-content\/uploads\/2023\/04\/hiver1-1-300x225.jpg 300w\" sizes=\"auto, (max-width: 591px) 100vw, 591px\" \/><figcaption class=\"wp-element-caption\">vacances d&rsquo;Hiver<\/figcaption><\/figure>\n\n\n\n<figure class=\"wp-block-image size-large\"><img loading=\"lazy\" decoding=\"async\" width=\"443\" height=\"591\" data-id=\"1344\" src=\"https:\/\/silejapon-m-etaitconte.com\/wp-content\/uploads\/2023\/04\/hiver1-2.jpg\" alt=\"\" class=\"wp-image-1344\" srcset=\"https:\/\/silejapon-m-etaitconte.com\/wp-content\/uploads\/2023\/04\/hiver1-2.jpg 443w, https:\/\/silejapon-m-etaitconte.com\/wp-content\/uploads\/2023\/04\/hiver1-2-225x300.jpg 225w\" sizes=\"auto, (max-width: 443px) 100vw, 443px\" \/><figcaption class=\"wp-element-caption\">vacances d&rsquo;Hiver<\/figcaption><\/figure>\n\n\n\n<figure class=\"wp-block-image size-large\"><img loading=\"lazy\" decoding=\"async\" width=\"591\" height=\"443\" data-id=\"1345\" src=\"https:\/\/silejapon-m-etaitconte.com\/wp-content\/uploads\/2023\/04\/hiver1-3.jpg\" alt=\"\" class=\"wp-image-1345\" srcset=\"https:\/\/silejapon-m-etaitconte.com\/wp-content\/uploads\/2023\/04\/hiver1-3.jpg 591w, https:\/\/silejapon-m-etaitconte.com\/wp-content\/uploads\/2023\/04\/hiver1-3-300x225.jpg 300w\" sizes=\"auto, (max-width: 591px) 100vw, 591px\" \/><figcaption class=\"wp-element-caption\">vacances d&rsquo;Hiver<\/figcaption><\/figure>\n\n\n\n<figure class=\"wp-block-image size-large\"><img loading=\"lazy\" decoding=\"async\" width=\"443\" height=\"591\" data-id=\"1346\" src=\"https:\/\/silejapon-m-etaitconte.com\/wp-content\/uploads\/2023\/04\/hiver1-4.jpg\" alt=\"\" class=\"wp-image-1346\" srcset=\"https:\/\/silejapon-m-etaitconte.com\/wp-content\/uploads\/2023\/04\/hiver1-4.jpg 443w, https:\/\/silejapon-m-etaitconte.com\/wp-content\/uploads\/2023\/04\/hiver1-4-225x300.jpg 225w\" sizes=\"auto, (max-width: 443px) 100vw, 443px\" \/><figcaption class=\"wp-element-caption\">vacances d&rsquo;Hiver<\/figcaption><\/figure>\n\n\n\n<figure class=\"wp-block-image size-large\"><img loading=\"lazy\" decoding=\"async\" width=\"443\" height=\"591\" data-id=\"1355\" src=\"https:\/\/silejapon-m-etaitconte.com\/wp-content\/uploads\/2023\/04\/hiver2-1jpg.jpg\" alt=\"\" class=\"wp-image-1355\" srcset=\"https:\/\/silejapon-m-etaitconte.com\/wp-content\/uploads\/2023\/04\/hiver2-1jpg.jpg 443w, https:\/\/silejapon-m-etaitconte.com\/wp-content\/uploads\/2023\/04\/hiver2-1jpg-225x300.jpg 225w\" sizes=\"auto, (max-width: 443px) 100vw, 443px\" \/><figcaption class=\"wp-element-caption\">vacances d&rsquo;Hiver<\/figcaption><\/figure>\n\n\n\n<figure class=\"wp-block-image size-large\"><img loading=\"lazy\" decoding=\"async\" width=\"443\" height=\"591\" data-id=\"1349\" src=\"https:\/\/silejapon-m-etaitconte.com\/wp-content\/uploads\/2023\/04\/hiver2-2jpg.jpg\" alt=\"\" class=\"wp-image-1349\" srcset=\"https:\/\/silejapon-m-etaitconte.com\/wp-content\/uploads\/2023\/04\/hiver2-2jpg.jpg 443w, https:\/\/silejapon-m-etaitconte.com\/wp-content\/uploads\/2023\/04\/hiver2-2jpg-225x300.jpg 225w\" sizes=\"auto, (max-width: 443px) 100vw, 443px\" \/><figcaption class=\"wp-element-caption\">vacances d&rsquo;Hiver<\/figcaption><\/figure>\n\n\n\n<figure class=\"wp-block-image size-large\"><img loading=\"lazy\" decoding=\"async\" width=\"443\" height=\"591\" data-id=\"1353\" src=\"https:\/\/silejapon-m-etaitconte.com\/wp-content\/uploads\/2023\/04\/hiver2-3jpg.jpg\" alt=\"\" class=\"wp-image-1353\" srcset=\"https:\/\/silejapon-m-etaitconte.com\/wp-content\/uploads\/2023\/04\/hiver2-3jpg.jpg 443w, https:\/\/silejapon-m-etaitconte.com\/wp-content\/uploads\/2023\/04\/hiver2-3jpg-225x300.jpg 225w\" sizes=\"auto, (max-width: 443px) 100vw, 443px\" \/><figcaption class=\"wp-element-caption\">vacances d&rsquo;Hiver<\/figcaption><\/figure>\n\n\n\n<figure class=\"wp-block-image size-large\"><img loading=\"lazy\" decoding=\"async\" width=\"443\" height=\"591\" data-id=\"1350\" src=\"https:\/\/silejapon-m-etaitconte.com\/wp-content\/uploads\/2023\/04\/hiver2-4jpg.jpg\" alt=\"\" class=\"wp-image-1350\" srcset=\"https:\/\/silejapon-m-etaitconte.com\/wp-content\/uploads\/2023\/04\/hiver2-4jpg.jpg 443w, https:\/\/silejapon-m-etaitconte.com\/wp-content\/uploads\/2023\/04\/hiver2-4jpg-225x300.jpg 225w\" sizes=\"auto, (max-width: 443px) 100vw, 443px\" \/><figcaption class=\"wp-element-caption\">vacances d&rsquo;Hiver<\/figcaption><\/figure>\n\n\n\n<figure class=\"wp-block-image size-large\"><img loading=\"lazy\" decoding=\"async\" width=\"443\" height=\"591\" data-id=\"1352\" src=\"https:\/\/silejapon-m-etaitconte.com\/wp-content\/uploads\/2023\/04\/hiver2-5jpg.jpg\" alt=\"\" class=\"wp-image-1352\" srcset=\"https:\/\/silejapon-m-etaitconte.com\/wp-content\/uploads\/2023\/04\/hiver2-5jpg.jpg 443w, https:\/\/silejapon-m-etaitconte.com\/wp-content\/uploads\/2023\/04\/hiver2-5jpg-225x300.jpg 225w\" sizes=\"auto, (max-width: 443px) 100vw, 443px\" \/><figcaption class=\"wp-element-caption\">vacances d&rsquo;Hiver<\/figcaption><\/figure>\n\n\n\n<figure class=\"wp-block-image size-large\"><img loading=\"lazy\" decoding=\"async\" width=\"443\" height=\"591\" data-id=\"1354\" src=\"https:\/\/silejapon-m-etaitconte.com\/wp-content\/uploads\/2023\/04\/hiver2-6jpg.jpg\" alt=\"\" class=\"wp-image-1354\" srcset=\"https:\/\/silejapon-m-etaitconte.com\/wp-content\/uploads\/2023\/04\/hiver2-6jpg.jpg 443w, https:\/\/silejapon-m-etaitconte.com\/wp-content\/uploads\/2023\/04\/hiver2-6jpg-225x300.jpg 225w\" sizes=\"auto, (max-width: 443px) 100vw, 443px\" \/><figcaption class=\"wp-element-caption\">vacances d&rsquo;Hiver<\/figcaption><\/figure>\n\n\n\n<figure class=\"wp-block-image size-large\"><img loading=\"lazy\" decoding=\"async\" width=\"443\" height=\"591\" data-id=\"1348\" src=\"https:\/\/silejapon-m-etaitconte.com\/wp-content\/uploads\/2023\/04\/hiver2-7jpg.jpg\" alt=\"\" class=\"wp-image-1348\" srcset=\"https:\/\/silejapon-m-etaitconte.com\/wp-content\/uploads\/2023\/04\/hiver2-7jpg.jpg 443w, https:\/\/silejapon-m-etaitconte.com\/wp-content\/uploads\/2023\/04\/hiver2-7jpg-225x300.jpg 225w\" sizes=\"auto, (max-width: 443px) 100vw, 443px\" \/><figcaption class=\"wp-element-caption\">vacances d&rsquo;Hiver<\/figcaption><\/figure>\n\n\n\n<figure class=\"wp-block-image size-large\"><img loading=\"lazy\" decoding=\"async\" width=\"443\" height=\"591\" data-id=\"1351\" src=\"https:\/\/silejapon-m-etaitconte.com\/wp-content\/uploads\/2023\/04\/hiver2-8jpg.jpg\" alt=\"\" class=\"wp-image-1351\" srcset=\"https:\/\/silejapon-m-etaitconte.com\/wp-content\/uploads\/2023\/04\/hiver2-8jpg.jpg 443w, https:\/\/silejapon-m-etaitconte.com\/wp-content\/uploads\/2023\/04\/hiver2-8jpg-225x300.jpg 225w\" sizes=\"auto, (max-width: 443px) 100vw, 443px\" \/><figcaption class=\"wp-element-caption\">vacances d&rsquo;Hiver<\/figcaption><\/figure>\n\n\n\n<figure class=\"wp-block-image size-large\"><img loading=\"lazy\" decoding=\"async\" width=\"443\" height=\"591\" data-id=\"1356\" src=\"https:\/\/silejapon-m-etaitconte.com\/wp-content\/uploads\/2023\/04\/hiver2-9jpg.jpg\" alt=\"\" class=\"wp-image-1356\" srcset=\"https:\/\/silejapon-m-etaitconte.com\/wp-content\/uploads\/2023\/04\/hiver2-9jpg.jpg 443w, https:\/\/silejapon-m-etaitconte.com\/wp-content\/uploads\/2023\/04\/hiver2-9jpg-225x300.jpg 225w\" sizes=\"auto, (max-width: 443px) 100vw, 443px\" \/><figcaption class=\"wp-element-caption\">vacances d&rsquo;Hiver<\/figcaption><\/figure>\n\n\n\n<figure class=\"wp-block-image size-large\"><img loading=\"lazy\" decoding=\"async\" width=\"667\" height=\"500\" data-id=\"1359\" src=\"https:\/\/silejapon-m-etaitconte.com\/wp-content\/uploads\/2023\/04\/vacances-de-toussaint.jpg\" alt=\"\" class=\"wp-image-1359\" srcset=\"https:\/\/silejapon-m-etaitconte.com\/wp-content\/uploads\/2023\/04\/vacances-de-toussaint.jpg 667w, https:\/\/silejapon-m-etaitconte.com\/wp-content\/uploads\/2023\/04\/vacances-de-toussaint-300x225.jpg 300w, https:\/\/silejapon-m-etaitconte.com\/wp-content\/uploads\/2023\/04\/vacances-de-toussaint-600x450.jpg 600w\" sizes=\"auto, (max-width: 667px) 100vw, 667px\" \/><figcaption class=\"wp-element-caption\">vacances de Toussaint<\/figcaption><\/figure>\n\n\n\n<figure class=\"wp-block-image size-large\"><img loading=\"lazy\" decoding=\"async\" width=\"591\" height=\"443\" data-id=\"1347\" src=\"https:\/\/silejapon-m-etaitconte.com\/wp-content\/uploads\/2023\/04\/hiver2-0.jpg\" alt=\"\" class=\"wp-image-1347\" srcset=\"https:\/\/silejapon-m-etaitconte.com\/wp-content\/uploads\/2023\/04\/hiver2-0.jpg 591w, https:\/\/silejapon-m-etaitconte.com\/wp-content\/uploads\/2023\/04\/hiver2-0-300x225.jpg 300w\" sizes=\"auto, (max-width: 591px) 100vw, 591px\" \/><figcaption class=\"wp-element-caption\">vacances d&rsquo;Hiver<\/figcaption><\/figure>\n<\/figure>\n\n\n\n<p><\/p>\n","protected":false},"excerpt":{"rendered":"<p>C&rsquo;est la derni\u00e8re session des ateliers dessin manga de Yugi cette ann\u00e9e scolaire et le th\u00e8me est \u00ab\u00a0dessiner des Chibis\u00a0\u00bb !!!Qu&rsquo;est ce qu&rsquo;un Chibi ? C&rsquo;est un terme japonais qui d\u00e9signe une \u00ab\u00a0petite personne\u00a0\u00bb avec une mani\u00e8re famili\u00e8re et qu&rsquo;on emploie principalement pour les enfants.Dans l&rsquo;univers du dessin manga \/ anim\u00e9, ce mot est utilis\u00e9 pour d\u00e9signer les personnages d\u00e9form\u00e9s tr\u00e8s petits. On les voit souvent dans les gag mangas ou dans des sc\u00e8nes humoristiques de mangas pour all\u00e9ger un contenu plus s\u00e9rieux, par exemple dans \u00ab\u00a0La rose de Versailles\u00a0\u00bb qui f\u00fbt un des premiers \u00e0 utiliser cet effet et<\/p>\n","protected":false},"author":1,"featured_media":1336,"comment_status":"closed","ping_status":"closed","sticky":false,"template":"","format":"standard","meta":{"footnotes":""},"categories":[4],"tags":[],"class_list":["post-1335","post","type-post","status-publish","format-standard","has-post-thumbnail","hentry","category-evenements","comments-off"],"yoast_head":"<!-- This site is optimized with the Yoast SEO plugin v21.0 - https:\/\/yoast.com\/wordpress\/plugins\/seo\/ -->\n<title>Atelier Dessin Manga de Yugi aux vacances de printemps - Si le Japon m&#039;\u00e9tait cont\u00e9<\/title>\n<meta name=\"robots\" content=\"index, follow, max-snippet:-1, max-image-preview:large, max-video-preview:-1\" \/>\n<link rel=\"canonical\" href=\"https:\/\/silejapon-m-etaitconte.com\/index.php\/2023\/04\/20\/atelier-dessin-manga-de-yugi-aux-vacances-de-printemps\/\" \/>\n<meta property=\"og:locale\" content=\"fr_FR\" \/>\n<meta property=\"og:type\" content=\"article\" \/>\n<meta property=\"og:title\" content=\"Atelier Dessin Manga de Yugi aux vacances de printemps\" \/>\n<meta property=\"og:description\" content=\"Ev\u00e8nements\" \/>\n<meta property=\"og:url\" content=\"https:\/\/silejapon-m-etaitconte.com\/index.php\/2023\/04\/20\/atelier-dessin-manga-de-yugi-aux-vacances-de-printemps\/\" \/>\n<meta property=\"og:site_name\" content=\"Si le Japon m&#039;\u00e9tait cont\u00e9\" \/>\n<meta property=\"article:publisher\" content=\"https:\/\/www.facebook.com\/people\/Si-le-Japon-mtait-cont\/100081623407869\/\" \/>\n<meta property=\"article:published_time\" content=\"2023-04-20T08:34:19+00:00\" \/>\n<meta property=\"article:modified_time\" content=\"2023-04-20T08:46:31+00:00\" \/>\n<meta property=\"og:image\" content=\"https:\/\/silejapon-m-etaitconte.com\/wp-content\/uploads\/2023\/04\/s_Yugi-pesebre-paques.jpeg\" \/>\n\t<meta property=\"og:image:width\" content=\"1217\" \/>\n\t<meta property=\"og:image:height\" content=\"1722\" \/>\n\t<meta property=\"og:image:type\" content=\"image\/jpeg\" \/>\n<meta name=\"author\" content=\"admin4454\" \/>\n<meta name=\"twitter:card\" content=\"summary_large_image\" \/>\n<meta name=\"twitter:label1\" content=\"\u00c9crit par\" \/>\n\t<meta name=\"twitter:data1\" content=\"admin4454\" \/>\n\t<meta name=\"twitter:label2\" content=\"Dur\u00e9e de lecture estim\u00e9e\" \/>\n\t<meta name=\"twitter:data2\" content=\"5 minutes\" \/>\n<script type=\"application\/ld+json\" class=\"yoast-schema-graph\">{\"@context\":\"https:\/\/schema.org\",\"@graph\":[{\"@type\":\"Article\",\"@id\":\"https:\/\/silejapon-m-etaitconte.com\/index.php\/2023\/04\/20\/atelier-dessin-manga-de-yugi-aux-vacances-de-printemps\/#article\",\"isPartOf\":{\"@id\":\"https:\/\/silejapon-m-etaitconte.com\/index.php\/2023\/04\/20\/atelier-dessin-manga-de-yugi-aux-vacances-de-printemps\/\"},\"author\":{\"name\":\"admin4454\",\"@id\":\"https:\/\/silejapon-m-etaitconte.com\/#\/schema\/person\/ba7e7b3d19a2ee4ad8b2fe9e66825510\"},\"headline\":\"Atelier Dessin Manga de Yugi aux vacances de printemps\",\"datePublished\":\"2023-04-20T08:34:19+00:00\",\"dateModified\":\"2023-04-20T08:46:31+00:00\",\"mainEntityOfPage\":{\"@id\":\"https:\/\/silejapon-m-etaitconte.com\/index.php\/2023\/04\/20\/atelier-dessin-manga-de-yugi-aux-vacances-de-printemps\/\"},\"wordCount\":297,\"publisher\":{\"@id\":\"https:\/\/silejapon-m-etaitconte.com\/#organization\"},\"articleSection\":[\"Ev\u00e8nements\"],\"inLanguage\":\"fr-FR\"},{\"@type\":\"WebPage\",\"@id\":\"https:\/\/silejapon-m-etaitconte.com\/index.php\/2023\/04\/20\/atelier-dessin-manga-de-yugi-aux-vacances-de-printemps\/\",\"url\":\"https:\/\/silejapon-m-etaitconte.com\/index.php\/2023\/04\/20\/atelier-dessin-manga-de-yugi-aux-vacances-de-printemps\/\",\"name\":\"Atelier Dessin Manga de Yugi aux vacances de printemps - Si le Japon m&#039;\u00e9tait cont\u00e9\",\"isPartOf\":{\"@id\":\"https:\/\/silejapon-m-etaitconte.com\/#website\"},\"datePublished\":\"2023-04-20T08:34:19+00:00\",\"dateModified\":\"2023-04-20T08:46:31+00:00\",\"breadcrumb\":{\"@id\":\"https:\/\/silejapon-m-etaitconte.com\/index.php\/2023\/04\/20\/atelier-dessin-manga-de-yugi-aux-vacances-de-printemps\/#breadcrumb\"},\"inLanguage\":\"fr-FR\",\"potentialAction\":[{\"@type\":\"ReadAction\",\"target\":[\"https:\/\/silejapon-m-etaitconte.com\/index.php\/2023\/04\/20\/atelier-dessin-manga-de-yugi-aux-vacances-de-printemps\/\"]}]},{\"@type\":\"BreadcrumbList\",\"@id\":\"https:\/\/silejapon-m-etaitconte.com\/index.php\/2023\/04\/20\/atelier-dessin-manga-de-yugi-aux-vacances-de-printemps\/#breadcrumb\",\"itemListElement\":[{\"@type\":\"ListItem\",\"position\":1,\"name\":\"Accueil\",\"item\":\"https:\/\/silejapon-m-etaitconte.com\/\"},{\"@type\":\"ListItem\",\"position\":2,\"name\":\"Atelier Dessin Manga de Yugi aux vacances de printemps\"}]},{\"@type\":\"WebSite\",\"@id\":\"https:\/\/silejapon-m-etaitconte.com\/#website\",\"url\":\"https:\/\/silejapon-m-etaitconte.com\/\",\"name\":\"Si le Japon m'\u00e9tait cont\u00e9\",\"description\":\"Une passerelle entre la France et le Japon\",\"publisher\":{\"@id\":\"https:\/\/silejapon-m-etaitconte.com\/#organization\"},\"potentialAction\":[{\"@type\":\"SearchAction\",\"target\":{\"@type\":\"EntryPoint\",\"urlTemplate\":\"https:\/\/silejapon-m-etaitconte.com\/?s={search_term_string}\"},\"query-input\":\"required name=search_term_string\"}],\"inLanguage\":\"fr-FR\"},{\"@type\":\"Organization\",\"@id\":\"https:\/\/silejapon-m-etaitconte.com\/#organization\",\"name\":\"Si le Japon m'\u00e9tait cont\u00e9\",\"url\":\"https:\/\/silejapon-m-etaitconte.com\/\",\"logo\":{\"@type\":\"ImageObject\",\"inLanguage\":\"fr-FR\",\"@id\":\"https:\/\/silejapon-m-etaitconte.com\/#\/schema\/logo\/image\/\",\"url\":\"https:\/\/silejapon-m-etaitconte.com\/wp-content\/uploads\/2022\/02\/logo_long.jpg\",\"contentUrl\":\"https:\/\/silejapon-m-etaitconte.com\/wp-content\/uploads\/2022\/02\/logo_long.jpg\",\"width\":2444,\"height\":390,\"caption\":\"Si le Japon m'\u00e9tait cont\u00e9\"},\"image\":{\"@id\":\"https:\/\/silejapon-m-etaitconte.com\/#\/schema\/logo\/image\/\"},\"sameAs\":[\"https:\/\/www.facebook.com\/people\/Si-le-Japon-mtait-cont\/100081623407869\/\"]},{\"@type\":\"Person\",\"@id\":\"https:\/\/silejapon-m-etaitconte.com\/#\/schema\/person\/ba7e7b3d19a2ee4ad8b2fe9e66825510\",\"name\":\"admin4454\",\"image\":{\"@type\":\"ImageObject\",\"inLanguage\":\"fr-FR\",\"@id\":\"https:\/\/silejapon-m-etaitconte.com\/#\/schema\/person\/image\/\",\"url\":\"https:\/\/secure.gravatar.com\/avatar\/40ae7b85d47b326667fa670480e8fb7deb0882c6ce088e74e39c5c257a4b8316?s=96&d=mm&r=g\",\"contentUrl\":\"https:\/\/secure.gravatar.com\/avatar\/40ae7b85d47b326667fa670480e8fb7deb0882c6ce088e74e39c5c257a4b8316?s=96&d=mm&r=g\",\"caption\":\"admin4454\"},\"url\":\"https:\/\/silejapon-m-etaitconte.com\/index.php\/author\/admin4454\/\"}]}<\/script>\n<!-- \/ Yoast SEO plugin. -->","yoast_head_json":{"title":"Atelier Dessin Manga de Yugi aux vacances de printemps - Si le Japon m&#039;\u00e9tait cont\u00e9","robots":{"index":"index","follow":"follow","max-snippet":"max-snippet:-1","max-image-preview":"max-image-preview:large","max-video-preview":"max-video-preview:-1"},"canonical":"https:\/\/silejapon-m-etaitconte.com\/index.php\/2023\/04\/20\/atelier-dessin-manga-de-yugi-aux-vacances-de-printemps\/","og_locale":"fr_FR","og_type":"article","og_title":"Atelier Dessin Manga de Yugi aux vacances de printemps","og_description":"Ev\u00e8nements","og_url":"https:\/\/silejapon-m-etaitconte.com\/index.php\/2023\/04\/20\/atelier-dessin-manga-de-yugi-aux-vacances-de-printemps\/","og_site_name":"Si le Japon m&#039;\u00e9tait cont\u00e9","article_publisher":"https:\/\/www.facebook.com\/people\/Si-le-Japon-mtait-cont\/100081623407869\/","article_published_time":"2023-04-20T08:34:19+00:00","article_modified_time":"2023-04-20T08:46:31+00:00","og_image":[{"width":1217,"height":1722,"url":"https:\/\/silejapon-m-etaitconte.com\/wp-content\/uploads\/2023\/04\/s_Yugi-pesebre-paques.jpeg","type":"image\/jpeg"}],"author":"admin4454","twitter_card":"summary_large_image","twitter_misc":{"\u00c9crit par":"admin4454","Dur\u00e9e de lecture estim\u00e9e":"5 minutes"},"schema":{"@context":"https:\/\/schema.org","@graph":[{"@type":"Article","@id":"https:\/\/silejapon-m-etaitconte.com\/index.php\/2023\/04\/20\/atelier-dessin-manga-de-yugi-aux-vacances-de-printemps\/#article","isPartOf":{"@id":"https:\/\/silejapon-m-etaitconte.com\/index.php\/2023\/04\/20\/atelier-dessin-manga-de-yugi-aux-vacances-de-printemps\/"},"author":{"name":"admin4454","@id":"https:\/\/silejapon-m-etaitconte.com\/#\/schema\/person\/ba7e7b3d19a2ee4ad8b2fe9e66825510"},"headline":"Atelier Dessin Manga de Yugi aux vacances de printemps","datePublished":"2023-04-20T08:34:19+00:00","dateModified":"2023-04-20T08:46:31+00:00","mainEntityOfPage":{"@id":"https:\/\/silejapon-m-etaitconte.com\/index.php\/2023\/04\/20\/atelier-dessin-manga-de-yugi-aux-vacances-de-printemps\/"},"wordCount":297,"publisher":{"@id":"https:\/\/silejapon-m-etaitconte.com\/#organization"},"articleSection":["Ev\u00e8nements"],"inLanguage":"fr-FR"},{"@type":"WebPage","@id":"https:\/\/silejapon-m-etaitconte.com\/index.php\/2023\/04\/20\/atelier-dessin-manga-de-yugi-aux-vacances-de-printemps\/","url":"https:\/\/silejapon-m-etaitconte.com\/index.php\/2023\/04\/20\/atelier-dessin-manga-de-yugi-aux-vacances-de-printemps\/","name":"Atelier Dessin Manga de Yugi aux vacances de printemps - Si le Japon m&#039;\u00e9tait cont\u00e9","isPartOf":{"@id":"https:\/\/silejapon-m-etaitconte.com\/#website"},"datePublished":"2023-04-20T08:34:19+00:00","dateModified":"2023-04-20T08:46:31+00:00","breadcrumb":{"@id":"https:\/\/silejapon-m-etaitconte.com\/index.php\/2023\/04\/20\/atelier-dessin-manga-de-yugi-aux-vacances-de-printemps\/#breadcrumb"},"inLanguage":"fr-FR","potentialAction":[{"@type":"ReadAction","target":["https:\/\/silejapon-m-etaitconte.com\/index.php\/2023\/04\/20\/atelier-dessin-manga-de-yugi-aux-vacances-de-printemps\/"]}]},{"@type":"BreadcrumbList","@id":"https:\/\/silejapon-m-etaitconte.com\/index.php\/2023\/04\/20\/atelier-dessin-manga-de-yugi-aux-vacances-de-printemps\/#breadcrumb","itemListElement":[{"@type":"ListItem","position":1,"name":"Accueil","item":"https:\/\/silejapon-m-etaitconte.com\/"},{"@type":"ListItem","position":2,"name":"Atelier Dessin Manga de Yugi aux vacances de printemps"}]},{"@type":"WebSite","@id":"https:\/\/silejapon-m-etaitconte.com\/#website","url":"https:\/\/silejapon-m-etaitconte.com\/","name":"Si le Japon m'\u00e9tait cont\u00e9","description":"Une passerelle entre la France et le Japon","publisher":{"@id":"https:\/\/silejapon-m-etaitconte.com\/#organization"},"potentialAction":[{"@type":"SearchAction","target":{"@type":"EntryPoint","urlTemplate":"https:\/\/silejapon-m-etaitconte.com\/?s={search_term_string}"},"query-input":"required name=search_term_string"}],"inLanguage":"fr-FR"},{"@type":"Organization","@id":"https:\/\/silejapon-m-etaitconte.com\/#organization","name":"Si le Japon m'\u00e9tait cont\u00e9","url":"https:\/\/silejapon-m-etaitconte.com\/","logo":{"@type":"ImageObject","inLanguage":"fr-FR","@id":"https:\/\/silejapon-m-etaitconte.com\/#\/schema\/logo\/image\/","url":"https:\/\/silejapon-m-etaitconte.com\/wp-content\/uploads\/2022\/02\/logo_long.jpg","contentUrl":"https:\/\/silejapon-m-etaitconte.com\/wp-content\/uploads\/2022\/02\/logo_long.jpg","width":2444,"height":390,"caption":"Si le Japon m'\u00e9tait cont\u00e9"},"image":{"@id":"https:\/\/silejapon-m-etaitconte.com\/#\/schema\/logo\/image\/"},"sameAs":["https:\/\/www.facebook.com\/people\/Si-le-Japon-mtait-cont\/100081623407869\/"]},{"@type":"Person","@id":"https:\/\/silejapon-m-etaitconte.com\/#\/schema\/person\/ba7e7b3d19a2ee4ad8b2fe9e66825510","name":"admin4454","image":{"@type":"ImageObject","inLanguage":"fr-FR","@id":"https:\/\/silejapon-m-etaitconte.com\/#\/schema\/person\/image\/","url":"https:\/\/secure.gravatar.com\/avatar\/40ae7b85d47b326667fa670480e8fb7deb0882c6ce088e74e39c5c257a4b8316?s=96&d=mm&r=g","contentUrl":"https:\/\/secure.gravatar.com\/avatar\/40ae7b85d47b326667fa670480e8fb7deb0882c6ce088e74e39c5c257a4b8316?s=96&d=mm&r=g","caption":"admin4454"},"url":"https:\/\/silejapon-m-etaitconte.com\/index.php\/author\/admin4454\/"}]}},"_links":{"self":[{"href":"https:\/\/silejapon-m-etaitconte.com\/index.php\/wp-json\/wp\/v2\/posts\/1335","targetHints":{"allow":["GET"]}}],"collection":[{"href":"https:\/\/silejapon-m-etaitconte.com\/index.php\/wp-json\/wp\/v2\/posts"}],"about":[{"href":"https:\/\/silejapon-m-etaitconte.com\/index.php\/wp-json\/wp\/v2\/types\/post"}],"author":[{"embeddable":true,"href":"https:\/\/silejapon-m-etaitconte.com\/index.php\/wp-json\/wp\/v2\/users\/1"}],"replies":[{"embeddable":true,"href":"https:\/\/silejapon-m-etaitconte.com\/index.php\/wp-json\/wp\/v2\/comments?post=1335"}],"version-history":[{"count":9,"href":"https:\/\/silejapon-m-etaitconte.com\/index.php\/wp-json\/wp\/v2\/posts\/1335\/revisions"}],"predecessor-version":[{"id":1362,"href":"https:\/\/silejapon-m-etaitconte.com\/index.php\/wp-json\/wp\/v2\/posts\/1335\/revisions\/1362"}],"wp:featuredmedia":[{"embeddable":true,"href":"https:\/\/silejapon-m-etaitconte.com\/index.php\/wp-json\/wp\/v2\/media\/1336"}],"wp:attachment":[{"href":"https:\/\/silejapon-m-etaitconte.com\/index.php\/wp-json\/wp\/v2\/media?parent=1335"}],"wp:term":[{"taxonomy":"category","embeddable":true,"href":"https:\/\/silejapon-m-etaitconte.com\/index.php\/wp-json\/wp\/v2\/categories?post=1335"},{"taxonomy":"post_tag","embeddable":true,"href":"https:\/\/silejapon-m-etaitconte.com\/index.php\/wp-json\/wp\/v2\/tags?post=1335"}],"curies":[{"name":"wp","href":"https:\/\/api.w.org\/{rel}","templated":true}]}}