{"id":1286,"date":"2023-04-02T12:34:59","date_gmt":"2023-04-02T10:34:59","guid":{"rendered":"https:\/\/silejapon-m-etaitconte.com\/?p=1286"},"modified":"2023-06-06T18:05:09","modified_gmt":"2023-06-06T16:05:09","slug":"concours-dessin-2023","status":"publish","type":"post","link":"https:\/\/silejapon-m-etaitconte.com\/index.php\/2023\/04\/02\/concours-dessin-2023\/","title":{"rendered":"Concours dessin 2023"},"content":{"rendered":"\n<p>Notre 3\u00e8me concours est lanc\u00e9, tous \u00e0 vos crayons, plumes, pinceaux et feutres ! <\/p>\n\n\n\n<p>Le concours commence et <strong>se cl\u00f4turera le 23 mai<\/strong>. La remise des prix se fera le samedi 17 juin \u00e0 la m\u00e9diath\u00e8que de Prades lors d\u2019une matin\u00e9e consacr\u00e9e \u00e0 l\u2019univers du manga.<\/p>\n\n\n\n<p>Tous les dessins seront expos\u00e9s \u00e0 partir du 17 juin \u00e0 la m\u00e9diath\u00e8que de Prades et ce pendant tout l&rsquo;\u00e9t\u00e9.<\/p>\n\n\n\n<p>Comme les ann\u00e9es pr\u00e9c\u00e9dentes il y a deux cat\u00e9gories : <strong>7 \u00e0 13 ans<\/strong> et <strong>14 ans et<\/strong> <strong>plus<\/strong><\/p>\n\n\n\n<p><strong>Le th\u00e8me : Cr\u00e9er votre (vos) personnage(s) de mangas \u00e0 l\u2019image d\u2019une fiche personnage<\/strong>.<\/p>\n\n\n\n<p>Quelques <strong>d\u00e9tails et caract\u00e9ristiques sur le ou les personnages<\/strong>, noms, \u00e2ge, histoire, qualit\u00e9s, pouvoirs, remarques croustillantes&#8230; devront figurer sur le dessin, autour du ou des personnages. <\/p>\n\n\n\n<p>Toutes les techniques de dessin peuvent \u00eatre utilis\u00e9es sauf le dessin informatique ou la tablette \u00e0 dessin, on veut du manuel ! En couleur ou pas, comme bon vous semble mais il faut que le dessin soit au minimum <strong>encr\u00e9<\/strong> (voir l&rsquo;exemple dans le r\u00e8glement). <\/p>\n\n\n\n<p>Le personnage doit \u00eatre de <strong>plein pied<\/strong> <strong>dans une pose ou en mouvement<\/strong>. Des <strong>d\u00e9tails, d\u00e9cors ou effets<\/strong> doivent \u00eatre ajout\u00e9s en fonds du personnage. Les r\u00e9f\u00e9rences \u00e0 un manga ou un anim\u00e9 sont autoris\u00e9es mais <strong>attention<\/strong> veillez bien \u00e0 cr\u00e9er un personnage et non \u00e0 en plagier un !<\/p>\n\n\n\n<p>Pour la cat\u00e9gorie 7-13 ans on sera bien s\u00fbr plus indulgent au niveau des textes et du dessin mais pour les plus grands, soyez cr\u00e9atifs, essayez de nous inventer des personnages int\u00e9ressants et attachants que l\u2019on a envie de d\u00e9couvrir (essayez de lier le dessin de votre personnage \u00e0 une histoire !) La libert\u00e9 est totale sur la fa\u00e7on de pr\u00e9senter le personnage et sur ce que vous choisissez d&rsquo;\u00e9crire sur lui !<\/p>\n\n\n\n<p>Veillez \u00e0 bien lire<strong> le r\u00e8glement<\/strong> avant de commencer vos dessins. Vous pouvez le t\u00e9l\u00e9charger ici : <\/p>\n\n\n\n<div data-wp-interactive=\"core\/file\" class=\"wp-block-file\"><object data-wp-bind--hidden=\"!state.hasPdfPreview\" hidden class=\"wp-block-file__embed\" data=\"https:\/\/silejapon-m-etaitconte.com\/wp-content\/uploads\/2023\/04\/reglement_concours_2023.pdf\" type=\"application\/pdf\" style=\"width:100%;height:600px\" aria-label=\"Contenu embarqu\u00e9 reglement_concours_2023.\"><\/object><a id=\"wp-block-file--media-ba38f120-2de2-4799-8822-c72eb051ae43\" href=\"https:\/\/silejapon-m-etaitconte.com\/wp-content\/uploads\/2023\/04\/reglement_concours_2023.pdf\">reglement_concours_2023<\/a><a href=\"https:\/\/silejapon-m-etaitconte.com\/wp-content\/uploads\/2023\/04\/reglement_concours_2023.pdf\" class=\"wp-block-file__button wp-element-button\" download aria-describedby=\"wp-block-file--media-ba38f120-2de2-4799-8822-c72eb051ae43\">T\u00e9l\u00e9charger<\/a><\/div>\n\n\n\n<p>Veillez aussi \u00e0 bien remettre<strong> le formulaire d&rsquo;inscription <\/strong>avec votre dessin. Vous pouvez le t\u00e9l\u00e9charger ici :<\/p>\n\n\n\n<div data-wp-interactive=\"core\/file\" class=\"wp-block-file\"><object data-wp-bind--hidden=\"!state.hasPdfPreview\" hidden class=\"wp-block-file__embed\" data=\"https:\/\/silejapon-m-etaitconte.com\/wp-content\/uploads\/2023\/04\/fiche_inscription_2023.pdf\" type=\"application\/pdf\" style=\"width:100%;height:600px\" aria-label=\"Contenu embarqu\u00e9 fiche_inscription_2023.\"><\/object><a id=\"wp-block-file--media-1ab5df7d-c647-4ac4-a0d3-38d51cce8c40\" href=\"https:\/\/silejapon-m-etaitconte.com\/wp-content\/uploads\/2023\/04\/fiche_inscription_2023.pdf\">fiche_inscription_2023<\/a><a href=\"https:\/\/silejapon-m-etaitconte.com\/wp-content\/uploads\/2023\/04\/fiche_inscription_2023.pdf\" class=\"wp-block-file__button wp-element-button\" download aria-describedby=\"wp-block-file--media-1ab5df7d-c647-4ac4-a0d3-38d51cce8c40\">T\u00e9l\u00e9charger<\/a><\/div>\n\n\n\n<p>Le <strong>jury<\/strong> du concours se compose de 3 membres de l&rsquo;association Si le Japon m&rsquo;\u00e9tait cont\u00e9 (dont l&rsquo;animatrice des ateliers dessins manga), de deux personnes de la m\u00e9diath\u00e8que de Prades et du responsable de la librairie manga Hybrid \u00e0 Perpignan. Il se r\u00e9unira d\u00e9but juin pour choisir les vainqueurs qui seront annonc\u00e9s sur le site.<\/p>\n\n\n\n<p>Il y aura <strong>3 prix dans chaque cat\u00e9gorie<\/strong>, 7-13 ans et 14 ans et plus (1er prix, 2\u00e8me prix et 3\u00e8me prix) ainsi que des <strong>prix sp\u00e9ciau<\/strong>x. <\/p>\n\n\n\n<p><strong>Les prix<\/strong> : <strong>200\u20ac <\/strong>de mangas <strong>offert par <a href=\"https:\/\/www.conflentcanigo.fr\/mediatheques\" target=\"_blank\" rel=\"noreferrer noopener\">la m\u00e9diath\u00e8que de Prades<\/a><\/strong> (sous formes de bons d&rsquo;achat chez Hybrid), <strong>160\u20ac de bons d&rsquo;achat offert par <a href=\"https:\/\/www.facebook.com\/hybridperpignan\" target=\"_blank\" rel=\"noreferrer noopener\">Hybrid<\/a><\/strong> dans sa boutique et des <strong>lots surprises<\/strong> de nos autres partenaires, le restaurant japonais <strong><a href=\"https:\/\/www.facebook.com\/minamiperpignan\/\" target=\"_blank\" rel=\"noreferrer noopener\">Minami<\/a> <\/strong>\u00e0 Perpignan, la boutique d&rsquo;articles japonais <strong><a href=\"https:\/\/www.facebook.com\/people\/Cipango-Articles-Japonais\/100054277821265\/\" target=\"_blank\" rel=\"noreferrer noopener\">Cipango<\/a><\/strong> \u00e0 Perpignan et l\u2019<strong><a href=\"https:\/\/www.facebook.com\/people\/Atelier-art-29\/100070901625922\/\" target=\"_blank\" rel=\"noreferrer noopener\">Atelier Art 29<\/a> <\/strong>\u00e0 Villefranche de Conflent (boutique d\u2019art largement orient\u00e9e vers l\u2019animation japonaise et le manga)<\/p>\n\n\n\n<p>On attend vos dessins avec impatience !<\/p>\n","protected":false},"excerpt":{"rendered":"<p>Notre 3\u00e8me concours est lanc\u00e9, tous \u00e0 vos crayons, plumes, pinceaux et feutres ! Le concours commence et se cl\u00f4turera le 23 mai. La remise des prix se fera le samedi 17 juin \u00e0 la m\u00e9diath\u00e8que de Prades lors d\u2019une matin\u00e9e consacr\u00e9e \u00e0 l\u2019univers du manga. Tous les dessins seront expos\u00e9s \u00e0 partir du 17 juin \u00e0 la m\u00e9diath\u00e8que de Prades et ce pendant tout l&rsquo;\u00e9t\u00e9. Comme les ann\u00e9es pr\u00e9c\u00e9dentes il y a deux cat\u00e9gories : 7 \u00e0 13 ans et 14 ans et plus Le th\u00e8me : Cr\u00e9er votre (vos) personnage(s) de mangas \u00e0 l\u2019image d\u2019une fiche personnage. Quelques<\/p>\n","protected":false},"author":2,"featured_media":1303,"comment_status":"closed","ping_status":"closed","sticky":false,"template":"","format":"standard","meta":{"footnotes":""},"categories":[4],"tags":[8,9,10],"class_list":["post-1286","post","type-post","status-publish","format-standard","has-post-thumbnail","hentry","category-evenements","tag-concours","tag-dessin","tag-manga","comments-off"],"yoast_head":"<!-- This site is optimized with the Yoast SEO plugin v21.0 - https:\/\/yoast.com\/wordpress\/plugins\/seo\/ -->\n<title>Concours dessin 2023 - Si le Japon m&#039;\u00e9tait cont\u00e9<\/title>\n<meta name=\"robots\" content=\"index, follow, max-snippet:-1, max-image-preview:large, max-video-preview:-1\" \/>\n<link rel=\"canonical\" href=\"https:\/\/silejapon-m-etaitconte.com\/index.php\/2023\/04\/02\/concours-dessin-2023\/\" \/>\n<meta property=\"og:locale\" content=\"fr_FR\" \/>\n<meta property=\"og:type\" content=\"article\" \/>\n<meta property=\"og:title\" content=\"Si le Japon m&#039;\u00e9tait cont\u00e9\" \/>\n<meta property=\"og:description\" content=\"Concours dessin 2023\" \/>\n<meta property=\"og:url\" content=\"https:\/\/silejapon-m-etaitconte.com\/index.php\/2023\/04\/02\/concours-dessin-2023\/\" \/>\n<meta property=\"og:site_name\" content=\"Si le Japon m&#039;\u00e9tait cont\u00e9\" \/>\n<meta property=\"article:publisher\" content=\"https:\/\/www.facebook.com\/people\/Si-le-Japon-mtait-cont\/100081623407869\/\" \/>\n<meta property=\"article:published_time\" content=\"2023-04-02T10:34:59+00:00\" \/>\n<meta property=\"article:modified_time\" content=\"2023-06-06T16:05:09+00:00\" \/>\n<meta property=\"og:image\" content=\"https:\/\/silejapon-m-etaitconte.com\/wp-content\/uploads\/2023\/04\/concours-2023-724x1024.png\" \/>\n\t<meta property=\"og:image:width\" content=\"724\" \/>\n\t<meta property=\"og:image:height\" content=\"1024\" \/>\n\t<meta property=\"og:image:type\" content=\"image\/png\" \/>\n<meta name=\"author\" content=\"tokkuri007\" \/>\n<meta name=\"twitter:card\" content=\"summary_large_image\" \/>\n<meta name=\"twitter:label1\" content=\"\u00c9crit par\" \/>\n\t<meta name=\"twitter:data1\" content=\"tokkuri007\" \/>\n<script type=\"application\/ld+json\" class=\"yoast-schema-graph\">{\"@context\":\"https:\/\/schema.org\",\"@graph\":[{\"@type\":\"Article\",\"@id\":\"https:\/\/silejapon-m-etaitconte.com\/index.php\/2023\/04\/02\/concours-dessin-2023\/#article\",\"isPartOf\":{\"@id\":\"https:\/\/silejapon-m-etaitconte.com\/index.php\/2023\/04\/02\/concours-dessin-2023\/\"},\"author\":{\"name\":\"tokkuri007\",\"@id\":\"https:\/\/silejapon-m-etaitconte.com\/#\/schema\/person\/c914b0e8f078f2c9b2d0a42fc0422dc8\"},\"headline\":\"Concours dessin 2023\",\"datePublished\":\"2023-04-02T10:34:59+00:00\",\"dateModified\":\"2023-06-06T16:05:09+00:00\",\"mainEntityOfPage\":{\"@id\":\"https:\/\/silejapon-m-etaitconte.com\/index.php\/2023\/04\/02\/concours-dessin-2023\/\"},\"wordCount\":515,\"publisher\":{\"@id\":\"https:\/\/silejapon-m-etaitconte.com\/#organization\"},\"keywords\":[\"concours\",\"dessin\",\"manga\"],\"articleSection\":[\"Ev\u00e8nements\"],\"inLanguage\":\"fr-FR\"},{\"@type\":\"WebPage\",\"@id\":\"https:\/\/silejapon-m-etaitconte.com\/index.php\/2023\/04\/02\/concours-dessin-2023\/\",\"url\":\"https:\/\/silejapon-m-etaitconte.com\/index.php\/2023\/04\/02\/concours-dessin-2023\/\",\"name\":\"Concours dessin 2023 - Si le Japon m&#039;\u00e9tait cont\u00e9\",\"isPartOf\":{\"@id\":\"https:\/\/silejapon-m-etaitconte.com\/#website\"},\"datePublished\":\"2023-04-02T10:34:59+00:00\",\"dateModified\":\"2023-06-06T16:05:09+00:00\",\"breadcrumb\":{\"@id\":\"https:\/\/silejapon-m-etaitconte.com\/index.php\/2023\/04\/02\/concours-dessin-2023\/#breadcrumb\"},\"inLanguage\":\"fr-FR\",\"potentialAction\":[{\"@type\":\"ReadAction\",\"target\":[\"https:\/\/silejapon-m-etaitconte.com\/index.php\/2023\/04\/02\/concours-dessin-2023\/\"]}]},{\"@type\":\"BreadcrumbList\",\"@id\":\"https:\/\/silejapon-m-etaitconte.com\/index.php\/2023\/04\/02\/concours-dessin-2023\/#breadcrumb\",\"itemListElement\":[{\"@type\":\"ListItem\",\"position\":1,\"name\":\"Accueil\",\"item\":\"https:\/\/silejapon-m-etaitconte.com\/\"},{\"@type\":\"ListItem\",\"position\":2,\"name\":\"Concours dessin 2023\"}]},{\"@type\":\"WebSite\",\"@id\":\"https:\/\/silejapon-m-etaitconte.com\/#website\",\"url\":\"https:\/\/silejapon-m-etaitconte.com\/\",\"name\":\"Si le Japon m'\u00e9tait cont\u00e9\",\"description\":\"Une passerelle entre la France et le Japon\",\"publisher\":{\"@id\":\"https:\/\/silejapon-m-etaitconte.com\/#organization\"},\"potentialAction\":[{\"@type\":\"SearchAction\",\"target\":{\"@type\":\"EntryPoint\",\"urlTemplate\":\"https:\/\/silejapon-m-etaitconte.com\/?s={search_term_string}\"},\"query-input\":\"required name=search_term_string\"}],\"inLanguage\":\"fr-FR\"},{\"@type\":\"Organization\",\"@id\":\"https:\/\/silejapon-m-etaitconte.com\/#organization\",\"name\":\"Si le Japon m'\u00e9tait cont\u00e9\",\"url\":\"https:\/\/silejapon-m-etaitconte.com\/\",\"logo\":{\"@type\":\"ImageObject\",\"inLanguage\":\"fr-FR\",\"@id\":\"https:\/\/silejapon-m-etaitconte.com\/#\/schema\/logo\/image\/\",\"url\":\"https:\/\/silejapon-m-etaitconte.com\/wp-content\/uploads\/2022\/02\/logo_long.jpg\",\"contentUrl\":\"https:\/\/silejapon-m-etaitconte.com\/wp-content\/uploads\/2022\/02\/logo_long.jpg\",\"width\":2444,\"height\":390,\"caption\":\"Si le Japon m'\u00e9tait cont\u00e9\"},\"image\":{\"@id\":\"https:\/\/silejapon-m-etaitconte.com\/#\/schema\/logo\/image\/\"},\"sameAs\":[\"https:\/\/www.facebook.com\/people\/Si-le-Japon-mtait-cont\/100081623407869\/\"]},{\"@type\":\"Person\",\"@id\":\"https:\/\/silejapon-m-etaitconte.com\/#\/schema\/person\/c914b0e8f078f2c9b2d0a42fc0422dc8\",\"name\":\"tokkuri007\",\"image\":{\"@type\":\"ImageObject\",\"inLanguage\":\"fr-FR\",\"@id\":\"https:\/\/silejapon-m-etaitconte.com\/#\/schema\/person\/image\/\",\"url\":\"https:\/\/secure.gravatar.com\/avatar\/78b1589f21355f51e873b04531c2e429040670dbc4189bc9cf1a5a8401489d68?s=96&d=mm&r=g\",\"contentUrl\":\"https:\/\/secure.gravatar.com\/avatar\/78b1589f21355f51e873b04531c2e429040670dbc4189bc9cf1a5a8401489d68?s=96&d=mm&r=g\",\"caption\":\"tokkuri007\"},\"url\":\"https:\/\/silejapon-m-etaitconte.com\/index.php\/author\/tokkuri007\/\"}]}<\/script>\n<!-- \/ Yoast SEO plugin. -->","yoast_head_json":{"title":"Concours dessin 2023 - Si le Japon m&#039;\u00e9tait cont\u00e9","robots":{"index":"index","follow":"follow","max-snippet":"max-snippet:-1","max-image-preview":"max-image-preview:large","max-video-preview":"max-video-preview:-1"},"canonical":"https:\/\/silejapon-m-etaitconte.com\/index.php\/2023\/04\/02\/concours-dessin-2023\/","og_locale":"fr_FR","og_type":"article","og_title":"Si le Japon m&#039;\u00e9tait cont\u00e9","og_description":"Concours dessin 2023","og_url":"https:\/\/silejapon-m-etaitconte.com\/index.php\/2023\/04\/02\/concours-dessin-2023\/","og_site_name":"Si le Japon m&#039;\u00e9tait cont\u00e9","article_publisher":"https:\/\/www.facebook.com\/people\/Si-le-Japon-mtait-cont\/100081623407869\/","article_published_time":"2023-04-02T10:34:59+00:00","article_modified_time":"2023-06-06T16:05:09+00:00","og_image":[{"width":724,"height":1024,"url":"https:\/\/silejapon-m-etaitconte.com\/wp-content\/uploads\/2023\/04\/concours-2023-724x1024.png","type":"image\/png"}],"author":"tokkuri007","twitter_card":"summary_large_image","twitter_misc":{"\u00c9crit par":"tokkuri007"},"schema":{"@context":"https:\/\/schema.org","@graph":[{"@type":"Article","@id":"https:\/\/silejapon-m-etaitconte.com\/index.php\/2023\/04\/02\/concours-dessin-2023\/#article","isPartOf":{"@id":"https:\/\/silejapon-m-etaitconte.com\/index.php\/2023\/04\/02\/concours-dessin-2023\/"},"author":{"name":"tokkuri007","@id":"https:\/\/silejapon-m-etaitconte.com\/#\/schema\/person\/c914b0e8f078f2c9b2d0a42fc0422dc8"},"headline":"Concours dessin 2023","datePublished":"2023-04-02T10:34:59+00:00","dateModified":"2023-06-06T16:05:09+00:00","mainEntityOfPage":{"@id":"https:\/\/silejapon-m-etaitconte.com\/index.php\/2023\/04\/02\/concours-dessin-2023\/"},"wordCount":515,"publisher":{"@id":"https:\/\/silejapon-m-etaitconte.com\/#organization"},"keywords":["concours","dessin","manga"],"articleSection":["Ev\u00e8nements"],"inLanguage":"fr-FR"},{"@type":"WebPage","@id":"https:\/\/silejapon-m-etaitconte.com\/index.php\/2023\/04\/02\/concours-dessin-2023\/","url":"https:\/\/silejapon-m-etaitconte.com\/index.php\/2023\/04\/02\/concours-dessin-2023\/","name":"Concours dessin 2023 - Si le Japon m&#039;\u00e9tait cont\u00e9","isPartOf":{"@id":"https:\/\/silejapon-m-etaitconte.com\/#website"},"datePublished":"2023-04-02T10:34:59+00:00","dateModified":"2023-06-06T16:05:09+00:00","breadcrumb":{"@id":"https:\/\/silejapon-m-etaitconte.com\/index.php\/2023\/04\/02\/concours-dessin-2023\/#breadcrumb"},"inLanguage":"fr-FR","potentialAction":[{"@type":"ReadAction","target":["https:\/\/silejapon-m-etaitconte.com\/index.php\/2023\/04\/02\/concours-dessin-2023\/"]}]},{"@type":"BreadcrumbList","@id":"https:\/\/silejapon-m-etaitconte.com\/index.php\/2023\/04\/02\/concours-dessin-2023\/#breadcrumb","itemListElement":[{"@type":"ListItem","position":1,"name":"Accueil","item":"https:\/\/silejapon-m-etaitconte.com\/"},{"@type":"ListItem","position":2,"name":"Concours dessin 2023"}]},{"@type":"WebSite","@id":"https:\/\/silejapon-m-etaitconte.com\/#website","url":"https:\/\/silejapon-m-etaitconte.com\/","name":"Si le Japon m'\u00e9tait cont\u00e9","description":"Une passerelle entre la France et le Japon","publisher":{"@id":"https:\/\/silejapon-m-etaitconte.com\/#organization"},"potentialAction":[{"@type":"SearchAction","target":{"@type":"EntryPoint","urlTemplate":"https:\/\/silejapon-m-etaitconte.com\/?s={search_term_string}"},"query-input":"required name=search_term_string"}],"inLanguage":"fr-FR"},{"@type":"Organization","@id":"https:\/\/silejapon-m-etaitconte.com\/#organization","name":"Si le Japon m'\u00e9tait cont\u00e9","url":"https:\/\/silejapon-m-etaitconte.com\/","logo":{"@type":"ImageObject","inLanguage":"fr-FR","@id":"https:\/\/silejapon-m-etaitconte.com\/#\/schema\/logo\/image\/","url":"https:\/\/silejapon-m-etaitconte.com\/wp-content\/uploads\/2022\/02\/logo_long.jpg","contentUrl":"https:\/\/silejapon-m-etaitconte.com\/wp-content\/uploads\/2022\/02\/logo_long.jpg","width":2444,"height":390,"caption":"Si le Japon m'\u00e9tait cont\u00e9"},"image":{"@id":"https:\/\/silejapon-m-etaitconte.com\/#\/schema\/logo\/image\/"},"sameAs":["https:\/\/www.facebook.com\/people\/Si-le-Japon-mtait-cont\/100081623407869\/"]},{"@type":"Person","@id":"https:\/\/silejapon-m-etaitconte.com\/#\/schema\/person\/c914b0e8f078f2c9b2d0a42fc0422dc8","name":"tokkuri007","image":{"@type":"ImageObject","inLanguage":"fr-FR","@id":"https:\/\/silejapon-m-etaitconte.com\/#\/schema\/person\/image\/","url":"https:\/\/secure.gravatar.com\/avatar\/78b1589f21355f51e873b04531c2e429040670dbc4189bc9cf1a5a8401489d68?s=96&d=mm&r=g","contentUrl":"https:\/\/secure.gravatar.com\/avatar\/78b1589f21355f51e873b04531c2e429040670dbc4189bc9cf1a5a8401489d68?s=96&d=mm&r=g","caption":"tokkuri007"},"url":"https:\/\/silejapon-m-etaitconte.com\/index.php\/author\/tokkuri007\/"}]}},"_links":{"self":[{"href":"https:\/\/silejapon-m-etaitconte.com\/index.php\/wp-json\/wp\/v2\/posts\/1286","targetHints":{"allow":["GET"]}}],"collection":[{"href":"https:\/\/silejapon-m-etaitconte.com\/index.php\/wp-json\/wp\/v2\/posts"}],"about":[{"href":"https:\/\/silejapon-m-etaitconte.com\/index.php\/wp-json\/wp\/v2\/types\/post"}],"author":[{"embeddable":true,"href":"https:\/\/silejapon-m-etaitconte.com\/index.php\/wp-json\/wp\/v2\/users\/2"}],"replies":[{"embeddable":true,"href":"https:\/\/silejapon-m-etaitconte.com\/index.php\/wp-json\/wp\/v2\/comments?post=1286"}],"version-history":[{"count":12,"href":"https:\/\/silejapon-m-etaitconte.com\/index.php\/wp-json\/wp\/v2\/posts\/1286\/revisions"}],"predecessor-version":[{"id":1334,"href":"https:\/\/silejapon-m-etaitconte.com\/index.php\/wp-json\/wp\/v2\/posts\/1286\/revisions\/1334"}],"wp:featuredmedia":[{"embeddable":true,"href":"https:\/\/silejapon-m-etaitconte.com\/index.php\/wp-json\/wp\/v2\/media\/1303"}],"wp:attachment":[{"href":"https:\/\/silejapon-m-etaitconte.com\/index.php\/wp-json\/wp\/v2\/media?parent=1286"}],"wp:term":[{"taxonomy":"category","embeddable":true,"href":"https:\/\/silejapon-m-etaitconte.com\/index.php\/wp-json\/wp\/v2\/categories?post=1286"},{"taxonomy":"post_tag","embeddable":true,"href":"https:\/\/silejapon-m-etaitconte.com\/index.php\/wp-json\/wp\/v2\/tags?post=1286"}],"curies":[{"name":"wp","href":"https:\/\/api.w.org\/{rel}","templated":true}]}}