{"id":1163,"date":"2022-10-19T09:51:58","date_gmt":"2022-10-19T07:51:58","guid":{"rendered":"https:\/\/silejapon-m-etaitconte.com\/?p=1163"},"modified":"2022-10-19T09:51:58","modified_gmt":"2022-10-19T07:51:58","slug":"atelier-de-dessin-manga-a-prades","status":"publish","type":"post","link":"https:\/\/silejapon-m-etaitconte.com\/index.php\/2022\/10\/19\/atelier-de-dessin-manga-a-prades\/","title":{"rendered":"Atelier de dessin manga \u00e0 Prades"},"content":{"rendered":"\n<p>Les deux premi\u00e8res s\u00e9ances de l&rsquo;atelier dessin manga se d\u00e9roulent le 29 octobre et le 5 novembre pendant les vacances de Toussaint !<\/p>\n\n\n\n<p>Et puis chaque vacances scolaires on pr\u00e9voit deux dates. Il y aura donc 8 s\u00e9ances en tout cette ann\u00e9e scolaire.<\/p>\n\n\n\n<p>Venez vous inscrire si vous avez plus de 10 ans ! Pour les moins de 10 ans, merci de nous \u00e9crire vos envies pour qu&rsquo;on puisse organiser d&rsquo;autres ateliers pour les plus jeunes. <\/p>\n","protected":false},"excerpt":{"rendered":"<p>Les deux premi\u00e8res s\u00e9ances de l&rsquo;atelier dessin manga se d\u00e9roulent le 29 octobre et le 5 novembre pendant les vacances de Toussaint ! Et puis chaque vacances scolaires on pr\u00e9voit deux dates. Il y aura donc 8 s\u00e9ances en tout cette ann\u00e9e scolaire. Venez vous inscrire si vous avez plus de 10 ans ! Pour les moins de 10 ans, merci de nous \u00e9crire vos envies pour qu&rsquo;on puisse organiser d&rsquo;autres ateliers pour les plus jeunes.<\/p>\n","protected":false},"author":1,"featured_media":1166,"comment_status":"closed","ping_status":"","sticky":false,"template":"","format":"standard","meta":{"footnotes":""},"categories":[4],"tags":[],"class_list":["post-1163","post","type-post","status-publish","format-standard","has-post-thumbnail","hentry","category-evenements","comments-off"],"yoast_head":"<!-- This site is optimized with the Yoast SEO plugin v21.0 - https:\/\/yoast.com\/wordpress\/plugins\/seo\/ -->\n<title>Atelier de dessin manga \u00e0 Prades - Si le Japon m&#039;\u00e9tait cont\u00e9<\/title>\n<meta name=\"robots\" content=\"index, follow, max-snippet:-1, max-image-preview:large, max-video-preview:-1\" \/>\n<link rel=\"canonical\" href=\"https:\/\/silejapon-m-etaitconte.com\/index.php\/2022\/10\/19\/atelier-de-dessin-manga-a-prades\/\" \/>\n<meta property=\"og:locale\" content=\"fr_FR\" \/>\n<meta property=\"og:type\" content=\"article\" \/>\n<meta property=\"og:title\" content=\"Atelier de dessin manga \u00e0 Prades - Si le Japon m&#039;\u00e9tait cont\u00e9\" \/>\n<meta property=\"og:description\" content=\"Les deux premi\u00e8res s\u00e9ances de l&rsquo;atelier dessin manga se d\u00e9roulent le 29 octobre et le 5 novembre pendant les vacances de Toussaint ! Et puis chaque vacances scolaires on pr\u00e9voit deux dates. Il y aura donc 8 s\u00e9ances en tout cette ann\u00e9e scolaire. Venez vous inscrire si vous avez plus de 10 ans ! Pour les moins de 10 ans, merci de nous \u00e9crire vos envies pour qu&rsquo;on puisse organiser d&rsquo;autres ateliers pour les plus jeunes.\" \/>\n<meta property=\"og:url\" content=\"https:\/\/silejapon-m-etaitconte.com\/index.php\/2022\/10\/19\/atelier-de-dessin-manga-a-prades\/\" \/>\n<meta property=\"og:site_name\" content=\"Si le Japon m&#039;\u00e9tait cont\u00e9\" \/>\n<meta property=\"article:publisher\" content=\"https:\/\/www.facebook.com\/people\/Si-le-Japon-mtait-cont\/100081623407869\/\" \/>\n<meta property=\"article:published_time\" content=\"2022-10-19T07:51:58+00:00\" \/>\n<meta name=\"author\" content=\"admin4454\" \/>\n<meta name=\"twitter:card\" content=\"summary_large_image\" \/>\n<meta name=\"twitter:image\" content=\"https:\/\/silejapon-m-etaitconte.com\/wp-content\/uploads\/2022\/10\/dessin_manga_yugi_toussaint-pdf.jpg\" \/>\n<meta name=\"twitter:label1\" content=\"\u00c9crit par\" \/>\n\t<meta name=\"twitter:data1\" content=\"admin4454\" \/>\n<script type=\"application\/ld+json\" class=\"yoast-schema-graph\">{\"@context\":\"https:\/\/schema.org\",\"@graph\":[{\"@type\":\"Article\",\"@id\":\"https:\/\/silejapon-m-etaitconte.com\/index.php\/2022\/10\/19\/atelier-de-dessin-manga-a-prades\/#article\",\"isPartOf\":{\"@id\":\"https:\/\/silejapon-m-etaitconte.com\/index.php\/2022\/10\/19\/atelier-de-dessin-manga-a-prades\/\"},\"author\":{\"name\":\"admin4454\",\"@id\":\"https:\/\/silejapon-m-etaitconte.com\/#\/schema\/person\/ba7e7b3d19a2ee4ad8b2fe9e66825510\"},\"headline\":\"Atelier de dessin manga \u00e0 Prades\",\"datePublished\":\"2022-10-19T07:51:58+00:00\",\"dateModified\":\"2022-10-19T07:51:58+00:00\",\"mainEntityOfPage\":{\"@id\":\"https:\/\/silejapon-m-etaitconte.com\/index.php\/2022\/10\/19\/atelier-de-dessin-manga-a-prades\/\"},\"wordCount\":80,\"publisher\":{\"@id\":\"https:\/\/silejapon-m-etaitconte.com\/#organization\"},\"articleSection\":[\"Ev\u00e8nements\"],\"inLanguage\":\"fr-FR\"},{\"@type\":\"WebPage\",\"@id\":\"https:\/\/silejapon-m-etaitconte.com\/index.php\/2022\/10\/19\/atelier-de-dessin-manga-a-prades\/\",\"url\":\"https:\/\/silejapon-m-etaitconte.com\/index.php\/2022\/10\/19\/atelier-de-dessin-manga-a-prades\/\",\"name\":\"Atelier de dessin manga \u00e0 Prades - Si le Japon m&#039;\u00e9tait cont\u00e9\",\"isPartOf\":{\"@id\":\"https:\/\/silejapon-m-etaitconte.com\/#website\"},\"datePublished\":\"2022-10-19T07:51:58+00:00\",\"dateModified\":\"2022-10-19T07:51:58+00:00\",\"breadcrumb\":{\"@id\":\"https:\/\/silejapon-m-etaitconte.com\/index.php\/2022\/10\/19\/atelier-de-dessin-manga-a-prades\/#breadcrumb\"},\"inLanguage\":\"fr-FR\",\"potentialAction\":[{\"@type\":\"ReadAction\",\"target\":[\"https:\/\/silejapon-m-etaitconte.com\/index.php\/2022\/10\/19\/atelier-de-dessin-manga-a-prades\/\"]}]},{\"@type\":\"BreadcrumbList\",\"@id\":\"https:\/\/silejapon-m-etaitconte.com\/index.php\/2022\/10\/19\/atelier-de-dessin-manga-a-prades\/#breadcrumb\",\"itemListElement\":[{\"@type\":\"ListItem\",\"position\":1,\"name\":\"Accueil\",\"item\":\"https:\/\/silejapon-m-etaitconte.com\/\"},{\"@type\":\"ListItem\",\"position\":2,\"name\":\"Atelier de dessin manga \u00e0 Prades\"}]},{\"@type\":\"WebSite\",\"@id\":\"https:\/\/silejapon-m-etaitconte.com\/#website\",\"url\":\"https:\/\/silejapon-m-etaitconte.com\/\",\"name\":\"Si le Japon m'\u00e9tait cont\u00e9\",\"description\":\"Une passerelle entre la France et le Japon\",\"publisher\":{\"@id\":\"https:\/\/silejapon-m-etaitconte.com\/#organization\"},\"potentialAction\":[{\"@type\":\"SearchAction\",\"target\":{\"@type\":\"EntryPoint\",\"urlTemplate\":\"https:\/\/silejapon-m-etaitconte.com\/?s={search_term_string}\"},\"query-input\":\"required name=search_term_string\"}],\"inLanguage\":\"fr-FR\"},{\"@type\":\"Organization\",\"@id\":\"https:\/\/silejapon-m-etaitconte.com\/#organization\",\"name\":\"Si le Japon m'\u00e9tait cont\u00e9\",\"url\":\"https:\/\/silejapon-m-etaitconte.com\/\",\"logo\":{\"@type\":\"ImageObject\",\"inLanguage\":\"fr-FR\",\"@id\":\"https:\/\/silejapon-m-etaitconte.com\/#\/schema\/logo\/image\/\",\"url\":\"https:\/\/silejapon-m-etaitconte.com\/wp-content\/uploads\/2022\/02\/logo_long.jpg\",\"contentUrl\":\"https:\/\/silejapon-m-etaitconte.com\/wp-content\/uploads\/2022\/02\/logo_long.jpg\",\"width\":2444,\"height\":390,\"caption\":\"Si le Japon m'\u00e9tait cont\u00e9\"},\"image\":{\"@id\":\"https:\/\/silejapon-m-etaitconte.com\/#\/schema\/logo\/image\/\"},\"sameAs\":[\"https:\/\/www.facebook.com\/people\/Si-le-Japon-mtait-cont\/100081623407869\/\"]},{\"@type\":\"Person\",\"@id\":\"https:\/\/silejapon-m-etaitconte.com\/#\/schema\/person\/ba7e7b3d19a2ee4ad8b2fe9e66825510\",\"name\":\"admin4454\",\"image\":{\"@type\":\"ImageObject\",\"inLanguage\":\"fr-FR\",\"@id\":\"https:\/\/silejapon-m-etaitconte.com\/#\/schema\/person\/image\/\",\"url\":\"https:\/\/secure.gravatar.com\/avatar\/40ae7b85d47b326667fa670480e8fb7deb0882c6ce088e74e39c5c257a4b8316?s=96&d=mm&r=g\",\"contentUrl\":\"https:\/\/secure.gravatar.com\/avatar\/40ae7b85d47b326667fa670480e8fb7deb0882c6ce088e74e39c5c257a4b8316?s=96&d=mm&r=g\",\"caption\":\"admin4454\"},\"url\":\"https:\/\/silejapon-m-etaitconte.com\/index.php\/author\/admin4454\/\"}]}<\/script>\n<!-- \/ Yoast SEO plugin. -->","yoast_head_json":{"title":"Atelier de dessin manga \u00e0 Prades - Si le Japon m&#039;\u00e9tait cont\u00e9","robots":{"index":"index","follow":"follow","max-snippet":"max-snippet:-1","max-image-preview":"max-image-preview:large","max-video-preview":"max-video-preview:-1"},"canonical":"https:\/\/silejapon-m-etaitconte.com\/index.php\/2022\/10\/19\/atelier-de-dessin-manga-a-prades\/","og_locale":"fr_FR","og_type":"article","og_title":"Atelier de dessin manga \u00e0 Prades - Si le Japon m&#039;\u00e9tait cont\u00e9","og_description":"Les deux premi\u00e8res s\u00e9ances de l&rsquo;atelier dessin manga se d\u00e9roulent le 29 octobre et le 5 novembre pendant les vacances de Toussaint ! Et puis chaque vacances scolaires on pr\u00e9voit deux dates. Il y aura donc 8 s\u00e9ances en tout cette ann\u00e9e scolaire. Venez vous inscrire si vous avez plus de 10 ans ! Pour les moins de 10 ans, merci de nous \u00e9crire vos envies pour qu&rsquo;on puisse organiser d&rsquo;autres ateliers pour les plus jeunes.","og_url":"https:\/\/silejapon-m-etaitconte.com\/index.php\/2022\/10\/19\/atelier-de-dessin-manga-a-prades\/","og_site_name":"Si le Japon m&#039;\u00e9tait cont\u00e9","article_publisher":"https:\/\/www.facebook.com\/people\/Si-le-Japon-mtait-cont\/100081623407869\/","article_published_time":"2022-10-19T07:51:58+00:00","author":"admin4454","twitter_card":"summary_large_image","twitter_image":"https:\/\/silejapon-m-etaitconte.com\/wp-content\/uploads\/2022\/10\/dessin_manga_yugi_toussaint-pdf.jpg","twitter_misc":{"\u00c9crit par":"admin4454"},"schema":{"@context":"https:\/\/schema.org","@graph":[{"@type":"Article","@id":"https:\/\/silejapon-m-etaitconte.com\/index.php\/2022\/10\/19\/atelier-de-dessin-manga-a-prades\/#article","isPartOf":{"@id":"https:\/\/silejapon-m-etaitconte.com\/index.php\/2022\/10\/19\/atelier-de-dessin-manga-a-prades\/"},"author":{"name":"admin4454","@id":"https:\/\/silejapon-m-etaitconte.com\/#\/schema\/person\/ba7e7b3d19a2ee4ad8b2fe9e66825510"},"headline":"Atelier de dessin manga \u00e0 Prades","datePublished":"2022-10-19T07:51:58+00:00","dateModified":"2022-10-19T07:51:58+00:00","mainEntityOfPage":{"@id":"https:\/\/silejapon-m-etaitconte.com\/index.php\/2022\/10\/19\/atelier-de-dessin-manga-a-prades\/"},"wordCount":80,"publisher":{"@id":"https:\/\/silejapon-m-etaitconte.com\/#organization"},"articleSection":["Ev\u00e8nements"],"inLanguage":"fr-FR"},{"@type":"WebPage","@id":"https:\/\/silejapon-m-etaitconte.com\/index.php\/2022\/10\/19\/atelier-de-dessin-manga-a-prades\/","url":"https:\/\/silejapon-m-etaitconte.com\/index.php\/2022\/10\/19\/atelier-de-dessin-manga-a-prades\/","name":"Atelier de dessin manga \u00e0 Prades - Si le Japon m&#039;\u00e9tait cont\u00e9","isPartOf":{"@id":"https:\/\/silejapon-m-etaitconte.com\/#website"},"datePublished":"2022-10-19T07:51:58+00:00","dateModified":"2022-10-19T07:51:58+00:00","breadcrumb":{"@id":"https:\/\/silejapon-m-etaitconte.com\/index.php\/2022\/10\/19\/atelier-de-dessin-manga-a-prades\/#breadcrumb"},"inLanguage":"fr-FR","potentialAction":[{"@type":"ReadAction","target":["https:\/\/silejapon-m-etaitconte.com\/index.php\/2022\/10\/19\/atelier-de-dessin-manga-a-prades\/"]}]},{"@type":"BreadcrumbList","@id":"https:\/\/silejapon-m-etaitconte.com\/index.php\/2022\/10\/19\/atelier-de-dessin-manga-a-prades\/#breadcrumb","itemListElement":[{"@type":"ListItem","position":1,"name":"Accueil","item":"https:\/\/silejapon-m-etaitconte.com\/"},{"@type":"ListItem","position":2,"name":"Atelier de dessin manga \u00e0 Prades"}]},{"@type":"WebSite","@id":"https:\/\/silejapon-m-etaitconte.com\/#website","url":"https:\/\/silejapon-m-etaitconte.com\/","name":"Si le Japon m'\u00e9tait cont\u00e9","description":"Une passerelle entre la France et le Japon","publisher":{"@id":"https:\/\/silejapon-m-etaitconte.com\/#organization"},"potentialAction":[{"@type":"SearchAction","target":{"@type":"EntryPoint","urlTemplate":"https:\/\/silejapon-m-etaitconte.com\/?s={search_term_string}"},"query-input":"required name=search_term_string"}],"inLanguage":"fr-FR"},{"@type":"Organization","@id":"https:\/\/silejapon-m-etaitconte.com\/#organization","name":"Si le Japon m'\u00e9tait cont\u00e9","url":"https:\/\/silejapon-m-etaitconte.com\/","logo":{"@type":"ImageObject","inLanguage":"fr-FR","@id":"https:\/\/silejapon-m-etaitconte.com\/#\/schema\/logo\/image\/","url":"https:\/\/silejapon-m-etaitconte.com\/wp-content\/uploads\/2022\/02\/logo_long.jpg","contentUrl":"https:\/\/silejapon-m-etaitconte.com\/wp-content\/uploads\/2022\/02\/logo_long.jpg","width":2444,"height":390,"caption":"Si le Japon m'\u00e9tait cont\u00e9"},"image":{"@id":"https:\/\/silejapon-m-etaitconte.com\/#\/schema\/logo\/image\/"},"sameAs":["https:\/\/www.facebook.com\/people\/Si-le-Japon-mtait-cont\/100081623407869\/"]},{"@type":"Person","@id":"https:\/\/silejapon-m-etaitconte.com\/#\/schema\/person\/ba7e7b3d19a2ee4ad8b2fe9e66825510","name":"admin4454","image":{"@type":"ImageObject","inLanguage":"fr-FR","@id":"https:\/\/silejapon-m-etaitconte.com\/#\/schema\/person\/image\/","url":"https:\/\/secure.gravatar.com\/avatar\/40ae7b85d47b326667fa670480e8fb7deb0882c6ce088e74e39c5c257a4b8316?s=96&d=mm&r=g","contentUrl":"https:\/\/secure.gravatar.com\/avatar\/40ae7b85d47b326667fa670480e8fb7deb0882c6ce088e74e39c5c257a4b8316?s=96&d=mm&r=g","caption":"admin4454"},"url":"https:\/\/silejapon-m-etaitconte.com\/index.php\/author\/admin4454\/"}]}},"_links":{"self":[{"href":"https:\/\/silejapon-m-etaitconte.com\/index.php\/wp-json\/wp\/v2\/posts\/1163","targetHints":{"allow":["GET"]}}],"collection":[{"href":"https:\/\/silejapon-m-etaitconte.com\/index.php\/wp-json\/wp\/v2\/posts"}],"about":[{"href":"https:\/\/silejapon-m-etaitconte.com\/index.php\/wp-json\/wp\/v2\/types\/post"}],"author":[{"embeddable":true,"href":"https:\/\/silejapon-m-etaitconte.com\/index.php\/wp-json\/wp\/v2\/users\/1"}],"replies":[{"embeddable":true,"href":"https:\/\/silejapon-m-etaitconte.com\/index.php\/wp-json\/wp\/v2\/comments?post=1163"}],"version-history":[{"count":1,"href":"https:\/\/silejapon-m-etaitconte.com\/index.php\/wp-json\/wp\/v2\/posts\/1163\/revisions"}],"predecessor-version":[{"id":1165,"href":"https:\/\/silejapon-m-etaitconte.com\/index.php\/wp-json\/wp\/v2\/posts\/1163\/revisions\/1165"}],"wp:featuredmedia":[{"embeddable":true,"href":"https:\/\/silejapon-m-etaitconte.com\/index.php\/wp-json\/wp\/v2\/media\/1166"}],"wp:attachment":[{"href":"https:\/\/silejapon-m-etaitconte.com\/index.php\/wp-json\/wp\/v2\/media?parent=1163"}],"wp:term":[{"taxonomy":"category","embeddable":true,"href":"https:\/\/silejapon-m-etaitconte.com\/index.php\/wp-json\/wp\/v2\/categories?post=1163"},{"taxonomy":"post_tag","embeddable":true,"href":"https:\/\/silejapon-m-etaitconte.com\/index.php\/wp-json\/wp\/v2\/tags?post=1163"}],"curies":[{"name":"wp","href":"https:\/\/api.w.org\/{rel}","templated":true}]}}