{"id":1125,"date":"2022-10-09T21:20:51","date_gmt":"2022-10-09T19:20:51","guid":{"rendered":"https:\/\/silejapon-m-etaitconte.com\/?p=1125"},"modified":"2022-10-09T22:10:08","modified_gmt":"2022-10-09T20:10:08","slug":"latelier-haiku-3-hiver-par-laurence","status":"publish","type":"post","link":"https:\/\/silejapon-m-etaitconte.com\/index.php\/2022\/10\/09\/latelier-haiku-3-hiver-par-laurence\/","title":{"rendered":"L&rsquo;Atelier Ha\u00efku 3 \u00ab\u00a0Hiver\u00a0\u00bb par Laurence"},"content":{"rendered":"\n<p>Cet atelier a eu lieu en janvier 2022. Oui, \u00e7a remonte, je n&rsquo;\u00e9cris pas vite les articles. Mais parfois c&rsquo;est plus agr\u00e9able de raconter un joli souvenir du pass\u00e9 que de faire du reportage de ce qu&rsquo;on vient de vivre sans prendre du recul. Oui, \u00e7a ressemble \u00e0 une excuse&#8230;<\/p>\n\n\n\n<p>Laurence Schaack, auteur de roman jeunesse, exp\u00e9riment\u00e9e de l&rsquo;atelier d&rsquo;\u00e9criture, a anim\u00e9 notre atelier ha\u00efku. Elle nous a fait faire deux types d&rsquo;exercices d&rsquo;\u00e9criture et nous \u00e9tions contents de les avoir d\u00e9couvert. <\/p>\n\n\n\n<p>Les participants et auteurs de ces <em>haiku<\/em> : Philippe, Solange, Christian, Evelyne, Jade, Akan\u00e9, J\u00e9r\u00f4me et Tchi\u00e9<\/p>\n\n\n\n<p>S\u00c9QUENCE 1 : \u00c9CRITURE RYTHM\u00c9E COLLECTIVE<\/p>\n\n\n\n<p>\u00c7a a d\u00e9marr\u00e9 avec un exercice d&rsquo;\u00e9chauffement. Il fallait trouver des mots vite dans un temps limit\u00e9 en comptant les syllabes, et puis on passait la suite du po\u00e8me \u00e0 la personne d&rsquo;\u00e0 c\u00f4t\u00e9. Il s&rsquo;agit de l&rsquo;\u00e9criture collective type \u00ab\u00a0cadavre exquis\u00a0\u00bb. Les ha\u00efkus obtenus n&rsquo;\u00e9taient pas forc\u00e9ment tous convainquant et manquaient souvent de sens. Mais parmi ces ha\u00efkus impros, on a trouv\u00e9 quelques compositions r\u00e9ussies et rigolotes. Voici quelques exemples ;<\/p>\n\n\n\n<p class=\"has-text-color\" style=\"color:#328441\">La pluie tombe dru<br>Sur la campagne verte toute la nuit<br>Esquisse de soleil<\/p>\n\n\n\n<p class=\"has-text-color\" style=\"color:#328441\">Le son du verre en<br>Cristal de plomb, cristal pur<br>Au soir de ce jour<\/p>\n\n\n\n<p class=\"has-text-color\" style=\"color:#328441\">La t\u00eate tourne bien<br>A l&rsquo;envers oui mais apr\u00e8s le champagne<br>Ce soir, profond bleu<\/p>\n\n\n\n<p class=\"has-text-color\" style=\"color:#328441\">Ah nez pointu qui<br>Le chat de mimi cracra<br>Miaou file vite<\/p>\n\n\n\n<p class=\"has-text-color\" style=\"color:#328441\">Wahou les \u00e9toiles<br>Voguent mes yeux embu\u00e9s<br>De la perle de larmes<\/p>\n\n\n\n<p class=\"has-text-color\" style=\"color:#327441\">Eau pure dans le vent<br>Qui bouge dans le chemin blanc<br>Vent fort caresse ma peau<\/p>\n\n\n\n<p class=\"has-text-color\" style=\"color:#328441\">Allez donc o\u00f9 tu veux<br>Dans ton jardin plus secret<br>La hutte de ma cl\u00e9<\/p>\n\n\n\n<p class=\"has-text-color\" style=\"color:#328441\">Ma vie se cogne<br>Ma vie s&rsquo;\u00e9teint un soir<br>Ma vie tombe par terre<\/p>\n\n\n\n<p class=\"has-text-color\" style=\"color:#328441\">Yeux verts, ronds, per\u00e7ants, durs<br>Dr\u00f4le de jeune visage<br>Mais je sais qui c&rsquo;est<\/p>\n\n\n\n<p class=\"has-text-color\" style=\"color:#328441\">La lyre chante avec toi<br>Esprit isol\u00e9 sur des notes<br>De joie et de danse<\/p>\n\n\n\n<p class=\"has-text-color\" style=\"color:#328441\">Vos \u00e2mes noires perdues<br>Chantent clair dans la fl\u00fbte<br>Transparente claire<\/p>\n\n\n\n<p class=\"has-text-color\" style=\"color:#328441\">En vrac, l\u00e9gumes et c\u00e9r\u00e9ales<br>Que je croque chez ma m\u00e8re<br>Ah, quel bel hiver<\/p>\n\n\n\n<p class=\"has-text-color\" style=\"color:#328441\">Tic tac une horloge<br>Tic toc un r\u00e9veil \u00e9teint<br>Tic tic fin du r\u00eave<\/p>\n\n\n\n<p><\/p>\n\n\n\n<p>S\u00c9QUENCE 2 : LE DERNIER LOCUTEUR<\/p>\n\n\n\n<p>Et puis le deuxi\u00e8me exercice \u00e9tait de composer des ha\u00efku avec des contraintes (un th\u00e8me, une photo ou image et un mot). Le th\u00e8me \u00e9tait le dernier locuteur, il fallait se mettre \u00e0 la place de la derni\u00e8re personne qui parle sa langue maternelle qui est en train de dispara\u00eetre. <\/p>\n\n\n\n<p>Au bord du chemin<br>De grandes herbes me prot\u00e8gent<br>Je voudrais encore nager<\/p>\n\n\n\n<p>Plic ploc, la douleur<br>C\u0153ur bris\u00e9, mort solitude<br>D\u00e9sert infini<\/p>\n\n\n\n<p>Youpi ! D\u00e9livrance!<br>Plus besoin de tant d&rsquo;\u00e9tudes !<br>Elle a disparu<\/p>\n\n\n\n<p>C&rsquo;\u00e9tait le destin<br>tout fini par dispara\u00eetre<br>comme cette langue<br><br>Noy\u00e9 dans le vide<br>Sur quelle \u00e2me je me repose<br>Personne, adieu, mort<\/p>\n\n\n\n<p>Moi, le seul qui reste<br>Habille mon successeur de mots<br>Pour combler le sceau<\/p>\n\n\n\n<p>Vois les vents, les ondes,<br>Langue trier et emporter<br>Vois les mots rester<\/p>\n\n\n\n<p>Suspendu dans l&rsquo;air<br>P\u00e9trifi\u00e9 dans un foss\u00e9<br>Le chapeau de mon p\u00e9p\u00e9<\/p>\n\n\n\n<p>Je suis le dernier<br>Et toi, tu le vis comment<br>Cet \u00e2ge gris et terne ?<\/p>\n\n\n\n<p>Vestige d&rsquo;un autre \u00e2ge<br>Technologie obsol\u00e8te<br>Courir apr\u00e8s quoi ?<\/p>\n\n\n\n<p>Est-ce le renouveau<br>Ou la fin ? Je ne sais plus<br>Cours vers ton propre temps !<\/p>\n\n\n\n<p>C&rsquo;est la fin d&rsquo;un monde<br>Fum\u00e9e noire et pollution<br>Ah bient\u00f4t, enfin &#8230;<\/p>\n\n\n\n<p>D\u00e9solation, ruines&#8230;<br>Langue et s\u00e9mantique perdues<br>Mais porteur d&rsquo;espoir<\/p>\n\n\n\n<p>Ma langue s&rsquo;efface<br>Une ride dans l&rsquo;immensit\u00e9<br>Dernier sourire<\/p>\n","protected":false},"excerpt":{"rendered":"<p>Cet atelier a eu lieu en janvier 2022. Oui, \u00e7a remonte, je n&rsquo;\u00e9cris pas vite les articles. Mais parfois c&rsquo;est plus agr\u00e9able de raconter un joli souvenir du pass\u00e9 que de faire du reportage de ce qu&rsquo;on vient de vivre sans prendre du recul. Oui, \u00e7a ressemble \u00e0 une excuse&#8230; Laurence Schaack, auteur de roman jeunesse, exp\u00e9riment\u00e9e de l&rsquo;atelier d&rsquo;\u00e9criture, a anim\u00e9 notre atelier ha\u00efku. Elle nous a fait faire deux types d&rsquo;exercices d&rsquo;\u00e9criture et nous \u00e9tions contents de les avoir d\u00e9couvert. Les participants et auteurs de ces haiku : Philippe, Solange, Christian, Evelyne, Jade, Akan\u00e9, J\u00e9r\u00f4me et Tchi\u00e9 S\u00c9QUENCE<\/p>\n","protected":false},"author":1,"featured_media":0,"comment_status":"closed","ping_status":"","sticky":false,"template":"","format":"standard","meta":{"footnotes":""},"categories":[4],"tags":[],"class_list":["post-1125","post","type-post","status-publish","format-standard","hentry","category-evenements","comments-off"],"yoast_head":"<!-- This site is optimized with the Yoast SEO plugin v21.0 - https:\/\/yoast.com\/wordpress\/plugins\/seo\/ -->\n<title>L&#039;Atelier Ha\u00efku 3 &quot;Hiver&quot; par Laurence - Si le Japon m&#039;\u00e9tait cont\u00e9<\/title>\n<meta name=\"robots\" content=\"index, follow, max-snippet:-1, max-image-preview:large, max-video-preview:-1\" \/>\n<link rel=\"canonical\" href=\"https:\/\/silejapon-m-etaitconte.com\/index.php\/2022\/10\/09\/latelier-haiku-3-hiver-par-laurence\/\" \/>\n<meta property=\"og:locale\" content=\"fr_FR\" \/>\n<meta property=\"og:type\" content=\"article\" \/>\n<meta property=\"og:title\" content=\"L&#039;Atelier Ha\u00efku 3 &quot;Hiver&quot; par Laurence - Si le Japon m&#039;\u00e9tait cont\u00e9\" \/>\n<meta property=\"og:description\" content=\"Cet atelier a eu lieu en janvier 2022. Oui, \u00e7a remonte, je n&rsquo;\u00e9cris pas vite les articles. Mais parfois c&rsquo;est plus agr\u00e9able de raconter un joli souvenir du pass\u00e9 que de faire du reportage de ce qu&rsquo;on vient de vivre sans prendre du recul. Oui, \u00e7a ressemble \u00e0 une excuse&#8230; Laurence Schaack, auteur de roman jeunesse, exp\u00e9riment\u00e9e de l&rsquo;atelier d&rsquo;\u00e9criture, a anim\u00e9 notre atelier ha\u00efku. Elle nous a fait faire deux types d&rsquo;exercices d&rsquo;\u00e9criture et nous \u00e9tions contents de les avoir d\u00e9couvert. Les participants et auteurs de ces haiku : Philippe, Solange, Christian, Evelyne, Jade, Akan\u00e9, J\u00e9r\u00f4me et Tchi\u00e9 S\u00c9QUENCE\" \/>\n<meta property=\"og:url\" content=\"https:\/\/silejapon-m-etaitconte.com\/index.php\/2022\/10\/09\/latelier-haiku-3-hiver-par-laurence\/\" \/>\n<meta property=\"og:site_name\" content=\"Si le Japon m&#039;\u00e9tait cont\u00e9\" \/>\n<meta property=\"article:publisher\" content=\"https:\/\/www.facebook.com\/people\/Si-le-Japon-mtait-cont\/100081623407869\/\" \/>\n<meta property=\"article:published_time\" content=\"2022-10-09T19:20:51+00:00\" \/>\n<meta property=\"article:modified_time\" content=\"2022-10-09T20:10:08+00:00\" \/>\n<meta name=\"author\" content=\"admin4454\" \/>\n<meta name=\"twitter:card\" content=\"summary_large_image\" \/>\n<meta name=\"twitter:label1\" content=\"\u00c9crit par\" \/>\n\t<meta name=\"twitter:data1\" content=\"admin4454\" \/>\n\t<meta name=\"twitter:label2\" content=\"Dur\u00e9e de lecture estim\u00e9e\" \/>\n\t<meta name=\"twitter:data2\" content=\"3 minutes\" \/>\n<script type=\"application\/ld+json\" class=\"yoast-schema-graph\">{\"@context\":\"https:\/\/schema.org\",\"@graph\":[{\"@type\":\"Article\",\"@id\":\"https:\/\/silejapon-m-etaitconte.com\/index.php\/2022\/10\/09\/latelier-haiku-3-hiver-par-laurence\/#article\",\"isPartOf\":{\"@id\":\"https:\/\/silejapon-m-etaitconte.com\/index.php\/2022\/10\/09\/latelier-haiku-3-hiver-par-laurence\/\"},\"author\":{\"name\":\"admin4454\",\"@id\":\"https:\/\/silejapon-m-etaitconte.com\/#\/schema\/person\/ba7e7b3d19a2ee4ad8b2fe9e66825510\"},\"headline\":\"L&rsquo;Atelier Ha\u00efku 3 \u00ab\u00a0Hiver\u00a0\u00bb par Laurence\",\"datePublished\":\"2022-10-09T19:20:51+00:00\",\"dateModified\":\"2022-10-09T20:10:08+00:00\",\"mainEntityOfPage\":{\"@id\":\"https:\/\/silejapon-m-etaitconte.com\/index.php\/2022\/10\/09\/latelier-haiku-3-hiver-par-laurence\/\"},\"wordCount\":584,\"publisher\":{\"@id\":\"https:\/\/silejapon-m-etaitconte.com\/#organization\"},\"articleSection\":[\"Ev\u00e8nements\"],\"inLanguage\":\"fr-FR\"},{\"@type\":\"WebPage\",\"@id\":\"https:\/\/silejapon-m-etaitconte.com\/index.php\/2022\/10\/09\/latelier-haiku-3-hiver-par-laurence\/\",\"url\":\"https:\/\/silejapon-m-etaitconte.com\/index.php\/2022\/10\/09\/latelier-haiku-3-hiver-par-laurence\/\",\"name\":\"L'Atelier Ha\u00efku 3 \\\"Hiver\\\" par Laurence - Si le Japon m&#039;\u00e9tait cont\u00e9\",\"isPartOf\":{\"@id\":\"https:\/\/silejapon-m-etaitconte.com\/#website\"},\"datePublished\":\"2022-10-09T19:20:51+00:00\",\"dateModified\":\"2022-10-09T20:10:08+00:00\",\"breadcrumb\":{\"@id\":\"https:\/\/silejapon-m-etaitconte.com\/index.php\/2022\/10\/09\/latelier-haiku-3-hiver-par-laurence\/#breadcrumb\"},\"inLanguage\":\"fr-FR\",\"potentialAction\":[{\"@type\":\"ReadAction\",\"target\":[\"https:\/\/silejapon-m-etaitconte.com\/index.php\/2022\/10\/09\/latelier-haiku-3-hiver-par-laurence\/\"]}]},{\"@type\":\"BreadcrumbList\",\"@id\":\"https:\/\/silejapon-m-etaitconte.com\/index.php\/2022\/10\/09\/latelier-haiku-3-hiver-par-laurence\/#breadcrumb\",\"itemListElement\":[{\"@type\":\"ListItem\",\"position\":1,\"name\":\"Accueil\",\"item\":\"https:\/\/silejapon-m-etaitconte.com\/\"},{\"@type\":\"ListItem\",\"position\":2,\"name\":\"L&rsquo;Atelier Ha\u00efku 3 \u00ab\u00a0Hiver\u00a0\u00bb par Laurence\"}]},{\"@type\":\"WebSite\",\"@id\":\"https:\/\/silejapon-m-etaitconte.com\/#website\",\"url\":\"https:\/\/silejapon-m-etaitconte.com\/\",\"name\":\"Si le Japon m'\u00e9tait cont\u00e9\",\"description\":\"Une passerelle entre la France et le Japon\",\"publisher\":{\"@id\":\"https:\/\/silejapon-m-etaitconte.com\/#organization\"},\"potentialAction\":[{\"@type\":\"SearchAction\",\"target\":{\"@type\":\"EntryPoint\",\"urlTemplate\":\"https:\/\/silejapon-m-etaitconte.com\/?s={search_term_string}\"},\"query-input\":\"required name=search_term_string\"}],\"inLanguage\":\"fr-FR\"},{\"@type\":\"Organization\",\"@id\":\"https:\/\/silejapon-m-etaitconte.com\/#organization\",\"name\":\"Si le Japon m'\u00e9tait cont\u00e9\",\"url\":\"https:\/\/silejapon-m-etaitconte.com\/\",\"logo\":{\"@type\":\"ImageObject\",\"inLanguage\":\"fr-FR\",\"@id\":\"https:\/\/silejapon-m-etaitconte.com\/#\/schema\/logo\/image\/\",\"url\":\"https:\/\/silejapon-m-etaitconte.com\/wp-content\/uploads\/2022\/02\/logo_long.jpg\",\"contentUrl\":\"https:\/\/silejapon-m-etaitconte.com\/wp-content\/uploads\/2022\/02\/logo_long.jpg\",\"width\":2444,\"height\":390,\"caption\":\"Si le Japon m'\u00e9tait cont\u00e9\"},\"image\":{\"@id\":\"https:\/\/silejapon-m-etaitconte.com\/#\/schema\/logo\/image\/\"},\"sameAs\":[\"https:\/\/www.facebook.com\/people\/Si-le-Japon-mtait-cont\/100081623407869\/\"]},{\"@type\":\"Person\",\"@id\":\"https:\/\/silejapon-m-etaitconte.com\/#\/schema\/person\/ba7e7b3d19a2ee4ad8b2fe9e66825510\",\"name\":\"admin4454\",\"image\":{\"@type\":\"ImageObject\",\"inLanguage\":\"fr-FR\",\"@id\":\"https:\/\/silejapon-m-etaitconte.com\/#\/schema\/person\/image\/\",\"url\":\"https:\/\/secure.gravatar.com\/avatar\/40ae7b85d47b326667fa670480e8fb7deb0882c6ce088e74e39c5c257a4b8316?s=96&d=mm&r=g\",\"contentUrl\":\"https:\/\/secure.gravatar.com\/avatar\/40ae7b85d47b326667fa670480e8fb7deb0882c6ce088e74e39c5c257a4b8316?s=96&d=mm&r=g\",\"caption\":\"admin4454\"},\"url\":\"https:\/\/silejapon-m-etaitconte.com\/index.php\/author\/admin4454\/\"}]}<\/script>\n<!-- \/ Yoast SEO plugin. -->","yoast_head_json":{"title":"L'Atelier Ha\u00efku 3 \"Hiver\" par Laurence - Si le Japon m&#039;\u00e9tait cont\u00e9","robots":{"index":"index","follow":"follow","max-snippet":"max-snippet:-1","max-image-preview":"max-image-preview:large","max-video-preview":"max-video-preview:-1"},"canonical":"https:\/\/silejapon-m-etaitconte.com\/index.php\/2022\/10\/09\/latelier-haiku-3-hiver-par-laurence\/","og_locale":"fr_FR","og_type":"article","og_title":"L'Atelier Ha\u00efku 3 \"Hiver\" par Laurence - Si le Japon m&#039;\u00e9tait cont\u00e9","og_description":"Cet atelier a eu lieu en janvier 2022. Oui, \u00e7a remonte, je n&rsquo;\u00e9cris pas vite les articles. Mais parfois c&rsquo;est plus agr\u00e9able de raconter un joli souvenir du pass\u00e9 que de faire du reportage de ce qu&rsquo;on vient de vivre sans prendre du recul. Oui, \u00e7a ressemble \u00e0 une excuse&#8230; Laurence Schaack, auteur de roman jeunesse, exp\u00e9riment\u00e9e de l&rsquo;atelier d&rsquo;\u00e9criture, a anim\u00e9 notre atelier ha\u00efku. Elle nous a fait faire deux types d&rsquo;exercices d&rsquo;\u00e9criture et nous \u00e9tions contents de les avoir d\u00e9couvert. Les participants et auteurs de ces haiku : Philippe, Solange, Christian, Evelyne, Jade, Akan\u00e9, J\u00e9r\u00f4me et Tchi\u00e9 S\u00c9QUENCE","og_url":"https:\/\/silejapon-m-etaitconte.com\/index.php\/2022\/10\/09\/latelier-haiku-3-hiver-par-laurence\/","og_site_name":"Si le Japon m&#039;\u00e9tait cont\u00e9","article_publisher":"https:\/\/www.facebook.com\/people\/Si-le-Japon-mtait-cont\/100081623407869\/","article_published_time":"2022-10-09T19:20:51+00:00","article_modified_time":"2022-10-09T20:10:08+00:00","author":"admin4454","twitter_card":"summary_large_image","twitter_misc":{"\u00c9crit par":"admin4454","Dur\u00e9e de lecture estim\u00e9e":"3 minutes"},"schema":{"@context":"https:\/\/schema.org","@graph":[{"@type":"Article","@id":"https:\/\/silejapon-m-etaitconte.com\/index.php\/2022\/10\/09\/latelier-haiku-3-hiver-par-laurence\/#article","isPartOf":{"@id":"https:\/\/silejapon-m-etaitconte.com\/index.php\/2022\/10\/09\/latelier-haiku-3-hiver-par-laurence\/"},"author":{"name":"admin4454","@id":"https:\/\/silejapon-m-etaitconte.com\/#\/schema\/person\/ba7e7b3d19a2ee4ad8b2fe9e66825510"},"headline":"L&rsquo;Atelier Ha\u00efku 3 \u00ab\u00a0Hiver\u00a0\u00bb par Laurence","datePublished":"2022-10-09T19:20:51+00:00","dateModified":"2022-10-09T20:10:08+00:00","mainEntityOfPage":{"@id":"https:\/\/silejapon-m-etaitconte.com\/index.php\/2022\/10\/09\/latelier-haiku-3-hiver-par-laurence\/"},"wordCount":584,"publisher":{"@id":"https:\/\/silejapon-m-etaitconte.com\/#organization"},"articleSection":["Ev\u00e8nements"],"inLanguage":"fr-FR"},{"@type":"WebPage","@id":"https:\/\/silejapon-m-etaitconte.com\/index.php\/2022\/10\/09\/latelier-haiku-3-hiver-par-laurence\/","url":"https:\/\/silejapon-m-etaitconte.com\/index.php\/2022\/10\/09\/latelier-haiku-3-hiver-par-laurence\/","name":"L'Atelier Ha\u00efku 3 \"Hiver\" par Laurence - Si le Japon m&#039;\u00e9tait cont\u00e9","isPartOf":{"@id":"https:\/\/silejapon-m-etaitconte.com\/#website"},"datePublished":"2022-10-09T19:20:51+00:00","dateModified":"2022-10-09T20:10:08+00:00","breadcrumb":{"@id":"https:\/\/silejapon-m-etaitconte.com\/index.php\/2022\/10\/09\/latelier-haiku-3-hiver-par-laurence\/#breadcrumb"},"inLanguage":"fr-FR","potentialAction":[{"@type":"ReadAction","target":["https:\/\/silejapon-m-etaitconte.com\/index.php\/2022\/10\/09\/latelier-haiku-3-hiver-par-laurence\/"]}]},{"@type":"BreadcrumbList","@id":"https:\/\/silejapon-m-etaitconte.com\/index.php\/2022\/10\/09\/latelier-haiku-3-hiver-par-laurence\/#breadcrumb","itemListElement":[{"@type":"ListItem","position":1,"name":"Accueil","item":"https:\/\/silejapon-m-etaitconte.com\/"},{"@type":"ListItem","position":2,"name":"L&rsquo;Atelier Ha\u00efku 3 \u00ab\u00a0Hiver\u00a0\u00bb par Laurence"}]},{"@type":"WebSite","@id":"https:\/\/silejapon-m-etaitconte.com\/#website","url":"https:\/\/silejapon-m-etaitconte.com\/","name":"Si le Japon m'\u00e9tait cont\u00e9","description":"Une passerelle entre la France et le Japon","publisher":{"@id":"https:\/\/silejapon-m-etaitconte.com\/#organization"},"potentialAction":[{"@type":"SearchAction","target":{"@type":"EntryPoint","urlTemplate":"https:\/\/silejapon-m-etaitconte.com\/?s={search_term_string}"},"query-input":"required name=search_term_string"}],"inLanguage":"fr-FR"},{"@type":"Organization","@id":"https:\/\/silejapon-m-etaitconte.com\/#organization","name":"Si le Japon m'\u00e9tait cont\u00e9","url":"https:\/\/silejapon-m-etaitconte.com\/","logo":{"@type":"ImageObject","inLanguage":"fr-FR","@id":"https:\/\/silejapon-m-etaitconte.com\/#\/schema\/logo\/image\/","url":"https:\/\/silejapon-m-etaitconte.com\/wp-content\/uploads\/2022\/02\/logo_long.jpg","contentUrl":"https:\/\/silejapon-m-etaitconte.com\/wp-content\/uploads\/2022\/02\/logo_long.jpg","width":2444,"height":390,"caption":"Si le Japon m'\u00e9tait cont\u00e9"},"image":{"@id":"https:\/\/silejapon-m-etaitconte.com\/#\/schema\/logo\/image\/"},"sameAs":["https:\/\/www.facebook.com\/people\/Si-le-Japon-mtait-cont\/100081623407869\/"]},{"@type":"Person","@id":"https:\/\/silejapon-m-etaitconte.com\/#\/schema\/person\/ba7e7b3d19a2ee4ad8b2fe9e66825510","name":"admin4454","image":{"@type":"ImageObject","inLanguage":"fr-FR","@id":"https:\/\/silejapon-m-etaitconte.com\/#\/schema\/person\/image\/","url":"https:\/\/secure.gravatar.com\/avatar\/40ae7b85d47b326667fa670480e8fb7deb0882c6ce088e74e39c5c257a4b8316?s=96&d=mm&r=g","contentUrl":"https:\/\/secure.gravatar.com\/avatar\/40ae7b85d47b326667fa670480e8fb7deb0882c6ce088e74e39c5c257a4b8316?s=96&d=mm&r=g","caption":"admin4454"},"url":"https:\/\/silejapon-m-etaitconte.com\/index.php\/author\/admin4454\/"}]}},"_links":{"self":[{"href":"https:\/\/silejapon-m-etaitconte.com\/index.php\/wp-json\/wp\/v2\/posts\/1125","targetHints":{"allow":["GET"]}}],"collection":[{"href":"https:\/\/silejapon-m-etaitconte.com\/index.php\/wp-json\/wp\/v2\/posts"}],"about":[{"href":"https:\/\/silejapon-m-etaitconte.com\/index.php\/wp-json\/wp\/v2\/types\/post"}],"author":[{"embeddable":true,"href":"https:\/\/silejapon-m-etaitconte.com\/index.php\/wp-json\/wp\/v2\/users\/1"}],"replies":[{"embeddable":true,"href":"https:\/\/silejapon-m-etaitconte.com\/index.php\/wp-json\/wp\/v2\/comments?post=1125"}],"version-history":[{"count":10,"href":"https:\/\/silejapon-m-etaitconte.com\/index.php\/wp-json\/wp\/v2\/posts\/1125\/revisions"}],"predecessor-version":[{"id":1158,"href":"https:\/\/silejapon-m-etaitconte.com\/index.php\/wp-json\/wp\/v2\/posts\/1125\/revisions\/1158"}],"wp:attachment":[{"href":"https:\/\/silejapon-m-etaitconte.com\/index.php\/wp-json\/wp\/v2\/media?parent=1125"}],"wp:term":[{"taxonomy":"category","embeddable":true,"href":"https:\/\/silejapon-m-etaitconte.com\/index.php\/wp-json\/wp\/v2\/categories?post=1125"},{"taxonomy":"post_tag","embeddable":true,"href":"https:\/\/silejapon-m-etaitconte.com\/index.php\/wp-json\/wp\/v2\/tags?post=1125"}],"curies":[{"name":"wp","href":"https:\/\/api.w.org\/{rel}","templated":true}]}}