{"id":1114,"date":"2022-09-11T16:41:05","date_gmt":"2022-09-11T14:41:05","guid":{"rendered":"https:\/\/silejapon-m-etaitconte.com\/?p=1114"},"modified":"2022-09-11T16:41:05","modified_gmt":"2022-09-11T14:41:05","slug":"la-rentree-et-quelques-souvenirs-de-lete","status":"publish","type":"post","link":"https:\/\/silejapon-m-etaitconte.com\/index.php\/2022\/09\/11\/la-rentree-et-quelques-souvenirs-de-lete\/","title":{"rendered":"La rentr\u00e9e et quelques souvenirs de l&rsquo;\u00e9t\u00e9"},"content":{"rendered":"\n<p>A cette rentr\u00e9e, Si le Japon m&rsquo;\u00e9tait cont\u00e9 a d\u00e9m\u00e9nag\u00e9 \u00e0 Prades !!!<\/p>\n\n\n\n<p>Vous trouverez ci-dessous les programmes des <strong>cours de japonais<\/strong> et des <strong>ateliers de dessin manga<\/strong>.<\/p>\n\n\n\n<p class=\"has-black-color has-light-gray-background-color has-text-color has-background\"><a href=\"https:\/\/silejapon-m-etaitconte.com\/index.php\/cours-et-ateliers\/\" data-type=\"URL\" data-id=\"https:\/\/silejapon-m-etaitconte.com\/index.php\/cours-et-ateliers\/\">cours et ateliers <\/a><\/p>\n\n\n\n<p>Les autres ateliers tel que le shod\u00f4 (calligraphie japonaise), la reliure japonaise, l&rsquo;origami, le ha\u00efku etc&#8230;, seront organis\u00e9s ponctuellement selon les demandes que nous recevons. N&rsquo;h\u00e9sitez donc pas \u00e0 nous envoyer vos demandes par e-mails ou en utilisant le commentaire du ce site.<\/p>\n\n\n\n<p><\/p>\n\n\n\n<p>Pendant l&rsquo;\u00e9t\u00e9 les activit\u00e9s de Si le Japon m&rsquo;\u00e9tait cont\u00e9 ont \u00e9t\u00e9 r\u00e9duites mais nous vous racontons ici quelques souvenir de cet \u00e9t\u00e9.<\/p>\n\n\n\n<figure class=\"wp-block-gallery has-nested-images columns-default is-cropped wp-block-gallery-1 is-layout-flex wp-block-gallery-is-layout-flex\">\n<figure class=\"wp-block-image size-large\"><img loading=\"lazy\" decoding=\"async\" width=\"2000\" height=\"1496\" data-id=\"1108\" src=\"https:\/\/silejapon-m-etaitconte.com\/wp-content\/uploads\/2022\/09\/cine-rencontres-2022-.jpg\" alt=\"\" class=\"wp-image-1108\" srcset=\"https:\/\/silejapon-m-etaitconte.com\/wp-content\/uploads\/2022\/09\/cine-rencontres-2022-.jpg 2000w, https:\/\/silejapon-m-etaitconte.com\/wp-content\/uploads\/2022\/09\/cine-rencontres-2022--300x224.jpg 300w, https:\/\/silejapon-m-etaitconte.com\/wp-content\/uploads\/2022\/09\/cine-rencontres-2022--1024x766.jpg 1024w, https:\/\/silejapon-m-etaitconte.com\/wp-content\/uploads\/2022\/09\/cine-rencontres-2022--768x574.jpg 768w, https:\/\/silejapon-m-etaitconte.com\/wp-content\/uploads\/2022\/09\/cine-rencontres-2022--1536x1149.jpg 1536w, https:\/\/silejapon-m-etaitconte.com\/wp-content\/uploads\/2022\/09\/cine-rencontres-2022--600x450.jpg 600w\" sizes=\"auto, (max-width: 2000px) 100vw, 2000px\" \/><figcaption>projection d&rsquo;un film anim\u00e9 par les cin\u00e9-rencontres<\/figcaption><\/figure>\n\n\n\n<figure class=\"wp-block-image size-large\"><img loading=\"lazy\" decoding=\"async\" width=\"2048\" height=\"1536\" data-id=\"1106\" src=\"https:\/\/silejapon-m-etaitconte.com\/wp-content\/uploads\/2022\/09\/atelier-yugi-2.jpg\" alt=\"\" class=\"wp-image-1106\" srcset=\"https:\/\/silejapon-m-etaitconte.com\/wp-content\/uploads\/2022\/09\/atelier-yugi-2.jpg 2048w, https:\/\/silejapon-m-etaitconte.com\/wp-content\/uploads\/2022\/09\/atelier-yugi-2-300x225.jpg 300w, https:\/\/silejapon-m-etaitconte.com\/wp-content\/uploads\/2022\/09\/atelier-yugi-2-1024x768.jpg 1024w, https:\/\/silejapon-m-etaitconte.com\/wp-content\/uploads\/2022\/09\/atelier-yugi-2-768x576.jpg 768w, https:\/\/silejapon-m-etaitconte.com\/wp-content\/uploads\/2022\/09\/atelier-yugi-2-1536x1152.jpg 1536w, https:\/\/silejapon-m-etaitconte.com\/wp-content\/uploads\/2022\/09\/atelier-yugi-2-600x450.jpg 600w\" sizes=\"auto, (max-width: 2048px) 100vw, 2048px\" \/><figcaption>atelier dessin manga<\/figcaption><\/figure>\n<\/figure>\n\n\n\n<p>Cet \u00e9t\u00e9 aussi nous avons accompagn\u00e9 la projection d&rsquo;un film anim\u00e9 japonais organis\u00e9 par les Cin\u00e9-Rencontres avec nos animations \u00e0 Vernet-les-Bains.<\/p>\n\n\n\n<p>La journ\u00e9e a d\u00e9marr\u00e9 par l&rsquo;atelier de dessin manga anim\u00e9 par Yugi au parc du Casino. L&rsquo;atelier a eu du succ\u00e8s. Il y avait une forte concentration de la part des participants et nous \u00e9tions heureux d&rsquo;avoir pu partager cette passion du manga.<\/p>\n\n\n\n<p>Ensuite le quizz musical sur les anim\u00e9s a \u00e9t\u00e9 anim\u00e9 par Christian. Cette vid\u00e9o a \u00e9t\u00e9 pr\u00e9par\u00e9e l&rsquo;ann\u00e9e derni\u00e8re par Na\u00ebl.<\/p>\n\n\n\n<p>Le film anim\u00e9 \u00ab\u00a0Les enfants du temps\u00a0\u00bb de Makoto SHINKAI a \u00e9t\u00e9 pr\u00e9sent\u00e9 par Christian \u00e0 la suite d&rsquo;une courte pr\u00e9sentation de la culture japonaise par J\u00e9r\u00f4me.<\/p>\n\n\n\n<figure class=\"wp-block-gallery has-nested-images columns-default is-cropped wp-block-gallery-2 is-layout-flex wp-block-gallery-is-layout-flex\">\n<figure class=\"wp-block-image size-large\"><img loading=\"lazy\" decoding=\"async\" width=\"2560\" height=\"1920\" data-id=\"1112\" src=\"https:\/\/silejapon-m-etaitconte.com\/wp-content\/uploads\/2022\/09\/IMG_20220827_124601-scaled.jpg\" alt=\"\" class=\"wp-image-1112\" srcset=\"https:\/\/silejapon-m-etaitconte.com\/wp-content\/uploads\/2022\/09\/IMG_20220827_124601-scaled.jpg 2560w, https:\/\/silejapon-m-etaitconte.com\/wp-content\/uploads\/2022\/09\/IMG_20220827_124601-300x225.jpg 300w, https:\/\/silejapon-m-etaitconte.com\/wp-content\/uploads\/2022\/09\/IMG_20220827_124601-1024x768.jpg 1024w, https:\/\/silejapon-m-etaitconte.com\/wp-content\/uploads\/2022\/09\/IMG_20220827_124601-768x576.jpg 768w, https:\/\/silejapon-m-etaitconte.com\/wp-content\/uploads\/2022\/09\/IMG_20220827_124601-1536x1152.jpg 1536w, https:\/\/silejapon-m-etaitconte.com\/wp-content\/uploads\/2022\/09\/IMG_20220827_124601-2048x1536.jpg 2048w, https:\/\/silejapon-m-etaitconte.com\/wp-content\/uploads\/2022\/09\/IMG_20220827_124601-600x450.jpg 600w\" sizes=\"auto, (max-width: 2560px) 100vw, 2560px\" \/><figcaption>Ruines du ch\u00e2teau de Rod\u00e8s<\/figcaption><\/figure>\n\n\n\n<figure class=\"wp-block-image size-large\"><img loading=\"lazy\" decoding=\"async\" width=\"2560\" height=\"1920\" data-id=\"1113\" src=\"https:\/\/silejapon-m-etaitconte.com\/wp-content\/uploads\/2022\/09\/IMG_20220827_130152-scaled.jpg\" alt=\"\" class=\"wp-image-1113\" srcset=\"https:\/\/silejapon-m-etaitconte.com\/wp-content\/uploads\/2022\/09\/IMG_20220827_130152-scaled.jpg 2560w, https:\/\/silejapon-m-etaitconte.com\/wp-content\/uploads\/2022\/09\/IMG_20220827_130152-300x225.jpg 300w, https:\/\/silejapon-m-etaitconte.com\/wp-content\/uploads\/2022\/09\/IMG_20220827_130152-1024x768.jpg 1024w, https:\/\/silejapon-m-etaitconte.com\/wp-content\/uploads\/2022\/09\/IMG_20220827_130152-768x576.jpg 768w, https:\/\/silejapon-m-etaitconte.com\/wp-content\/uploads\/2022\/09\/IMG_20220827_130152-1536x1152.jpg 1536w, https:\/\/silejapon-m-etaitconte.com\/wp-content\/uploads\/2022\/09\/IMG_20220827_130152-2048x1536.jpg 2048w, https:\/\/silejapon-m-etaitconte.com\/wp-content\/uploads\/2022\/09\/IMG_20220827_130152-600x450.jpg 600w\" sizes=\"auto, (max-width: 2560px) 100vw, 2560px\" \/><figcaption>goutti\u00e8re de Rod\u00e8s<\/figcaption><\/figure>\n\n\n\n<figure class=\"wp-block-image size-large\"><img loading=\"lazy\" decoding=\"async\" width=\"2560\" height=\"1920\" data-id=\"1109\" src=\"https:\/\/silejapon-m-etaitconte.com\/wp-content\/uploads\/2022\/09\/IMG_20220827_124143-scaled.jpg\" alt=\"\" class=\"wp-image-1109\" srcset=\"https:\/\/silejapon-m-etaitconte.com\/wp-content\/uploads\/2022\/09\/IMG_20220827_124143-scaled.jpg 2560w, https:\/\/silejapon-m-etaitconte.com\/wp-content\/uploads\/2022\/09\/IMG_20220827_124143-300x225.jpg 300w, https:\/\/silejapon-m-etaitconte.com\/wp-content\/uploads\/2022\/09\/IMG_20220827_124143-1024x768.jpg 1024w, https:\/\/silejapon-m-etaitconte.com\/wp-content\/uploads\/2022\/09\/IMG_20220827_124143-768x576.jpg 768w, https:\/\/silejapon-m-etaitconte.com\/wp-content\/uploads\/2022\/09\/IMG_20220827_124143-1536x1152.jpg 1536w, https:\/\/silejapon-m-etaitconte.com\/wp-content\/uploads\/2022\/09\/IMG_20220827_124143-2048x1536.jpg 2048w, https:\/\/silejapon-m-etaitconte.com\/wp-content\/uploads\/2022\/09\/IMG_20220827_124143-600x450.jpg 600w\" sizes=\"auto, (max-width: 2560px) 100vw, 2560px\" \/><figcaption>sommet de Rod\u00e8s<\/figcaption><\/figure>\n\n\n\n<figure class=\"wp-block-image size-large\"><img loading=\"lazy\" decoding=\"async\" width=\"2560\" height=\"1920\" data-id=\"1110\" src=\"https:\/\/silejapon-m-etaitconte.com\/wp-content\/uploads\/2022\/09\/IMG_20220827_124211-scaled.jpg\" alt=\"\" class=\"wp-image-1110\" srcset=\"https:\/\/silejapon-m-etaitconte.com\/wp-content\/uploads\/2022\/09\/IMG_20220827_124211-scaled.jpg 2560w, https:\/\/silejapon-m-etaitconte.com\/wp-content\/uploads\/2022\/09\/IMG_20220827_124211-300x225.jpg 300w, https:\/\/silejapon-m-etaitconte.com\/wp-content\/uploads\/2022\/09\/IMG_20220827_124211-1024x768.jpg 1024w, https:\/\/silejapon-m-etaitconte.com\/wp-content\/uploads\/2022\/09\/IMG_20220827_124211-768x576.jpg 768w, https:\/\/silejapon-m-etaitconte.com\/wp-content\/uploads\/2022\/09\/IMG_20220827_124211-1536x1152.jpg 1536w, https:\/\/silejapon-m-etaitconte.com\/wp-content\/uploads\/2022\/09\/IMG_20220827_124211-2048x1536.jpg 2048w, https:\/\/silejapon-m-etaitconte.com\/wp-content\/uploads\/2022\/09\/IMG_20220827_124211-600x450.jpg 600w\" sizes=\"auto, (max-width: 2560px) 100vw, 2560px\" \/><figcaption>ch\u00e8vres<\/figcaption><\/figure>\n<\/figure>\n\n\n\n<p>En ao\u00fbt nous nous sommes r\u00e9unis pour une balade au village de Rod\u00e8s. Il y a eu une rencontre inattendue avec de belles ch\u00e8vres aux ruines du ch\u00e2teau. <\/p>\n\n\n\n<p>Bonne rentr\u00e9e \u00e0 tous !<\/p>\n","protected":false},"excerpt":{"rendered":"<p>A cette rentr\u00e9e, Si le Japon m&rsquo;\u00e9tait cont\u00e9 a d\u00e9m\u00e9nag\u00e9 \u00e0 Prades !!! Vous trouverez ci-dessous les programmes des cours de japonais et des ateliers de dessin manga. cours et ateliers Les autres ateliers tel que le shod\u00f4 (calligraphie japonaise), la reliure japonaise, l&rsquo;origami, le ha\u00efku etc&#8230;, seront organis\u00e9s ponctuellement selon les demandes que nous recevons. N&rsquo;h\u00e9sitez donc pas \u00e0 nous envoyer vos demandes par e-mails ou en utilisant le commentaire du ce site. Pendant l&rsquo;\u00e9t\u00e9 les activit\u00e9s de Si le Japon m&rsquo;\u00e9tait cont\u00e9 ont \u00e9t\u00e9 r\u00e9duites mais nous vous racontons ici quelques souvenir de cet \u00e9t\u00e9. Cet \u00e9t\u00e9 aussi<\/p>\n","protected":false},"author":1,"featured_media":1120,"comment_status":"closed","ping_status":"","sticky":false,"template":"","format":"standard","meta":{"footnotes":""},"categories":[4],"tags":[],"class_list":["post-1114","post","type-post","status-publish","format-standard","has-post-thumbnail","hentry","category-evenements","comments-off"],"yoast_head":"<!-- This site is optimized with the Yoast SEO plugin v21.0 - https:\/\/yoast.com\/wordpress\/plugins\/seo\/ -->\n<title>La rentr\u00e9e et quelques souvenirs de l&#039;\u00e9t\u00e9 - Si le Japon m&#039;\u00e9tait cont\u00e9<\/title>\n<meta name=\"robots\" content=\"index, follow, max-snippet:-1, max-image-preview:large, max-video-preview:-1\" \/>\n<link rel=\"canonical\" href=\"https:\/\/silejapon-m-etaitconte.com\/index.php\/2022\/09\/11\/la-rentree-et-quelques-souvenirs-de-lete\/\" \/>\n<meta property=\"og:locale\" content=\"fr_FR\" \/>\n<meta property=\"og:type\" content=\"article\" \/>\n<meta property=\"og:title\" content=\"La rentr\u00e9e et quelques souvenirs de l&#039;\u00e9t\u00e9 - Si le Japon m&#039;\u00e9tait cont\u00e9\" \/>\n<meta property=\"og:description\" content=\"A cette rentr\u00e9e, Si le Japon m&rsquo;\u00e9tait cont\u00e9 a d\u00e9m\u00e9nag\u00e9 \u00e0 Prades !!! Vous trouverez ci-dessous les programmes des cours de japonais et des ateliers de dessin manga. cours et ateliers Les autres ateliers tel que le shod\u00f4 (calligraphie japonaise), la reliure japonaise, l&rsquo;origami, le ha\u00efku etc&#8230;, seront organis\u00e9s ponctuellement selon les demandes que nous recevons. N&rsquo;h\u00e9sitez donc pas \u00e0 nous envoyer vos demandes par e-mails ou en utilisant le commentaire du ce site. Pendant l&rsquo;\u00e9t\u00e9 les activit\u00e9s de Si le Japon m&rsquo;\u00e9tait cont\u00e9 ont \u00e9t\u00e9 r\u00e9duites mais nous vous racontons ici quelques souvenir de cet \u00e9t\u00e9. Cet \u00e9t\u00e9 aussi\" \/>\n<meta property=\"og:url\" content=\"https:\/\/silejapon-m-etaitconte.com\/index.php\/2022\/09\/11\/la-rentree-et-quelques-souvenirs-de-lete\/\" \/>\n<meta property=\"og:site_name\" content=\"Si le Japon m&#039;\u00e9tait cont\u00e9\" \/>\n<meta property=\"article:publisher\" content=\"https:\/\/www.facebook.com\/people\/Si-le-Japon-mtait-cont\/100081623407869\/\" \/>\n<meta property=\"article:published_time\" content=\"2022-09-11T14:41:05+00:00\" \/>\n<meta name=\"author\" content=\"admin4454\" \/>\n<meta name=\"twitter:card\" content=\"summary_large_image\" \/>\n<meta name=\"twitter:image\" content=\"https:\/\/silejapon-m-etaitconte.com\/wp-content\/uploads\/2022\/09\/flyer-2022-pdf.jpg\" \/>\n<meta name=\"twitter:label1\" content=\"\u00c9crit par\" \/>\n\t<meta name=\"twitter:data1\" content=\"admin4454\" \/>\n\t<meta name=\"twitter:label2\" content=\"Dur\u00e9e de lecture estim\u00e9e\" \/>\n\t<meta name=\"twitter:data2\" content=\"1 minute\" \/>\n<script type=\"application\/ld+json\" class=\"yoast-schema-graph\">{\"@context\":\"https:\/\/schema.org\",\"@graph\":[{\"@type\":\"Article\",\"@id\":\"https:\/\/silejapon-m-etaitconte.com\/index.php\/2022\/09\/11\/la-rentree-et-quelques-souvenirs-de-lete\/#article\",\"isPartOf\":{\"@id\":\"https:\/\/silejapon-m-etaitconte.com\/index.php\/2022\/09\/11\/la-rentree-et-quelques-souvenirs-de-lete\/\"},\"author\":{\"name\":\"admin4454\",\"@id\":\"https:\/\/silejapon-m-etaitconte.com\/#\/schema\/person\/ba7e7b3d19a2ee4ad8b2fe9e66825510\"},\"headline\":\"La rentr\u00e9e et quelques souvenirs de l&rsquo;\u00e9t\u00e9\",\"datePublished\":\"2022-09-11T14:41:05+00:00\",\"dateModified\":\"2022-09-11T14:41:05+00:00\",\"mainEntityOfPage\":{\"@id\":\"https:\/\/silejapon-m-etaitconte.com\/index.php\/2022\/09\/11\/la-rentree-et-quelques-souvenirs-de-lete\/\"},\"wordCount\":305,\"publisher\":{\"@id\":\"https:\/\/silejapon-m-etaitconte.com\/#organization\"},\"articleSection\":[\"Ev\u00e8nements\"],\"inLanguage\":\"fr-FR\"},{\"@type\":\"WebPage\",\"@id\":\"https:\/\/silejapon-m-etaitconte.com\/index.php\/2022\/09\/11\/la-rentree-et-quelques-souvenirs-de-lete\/\",\"url\":\"https:\/\/silejapon-m-etaitconte.com\/index.php\/2022\/09\/11\/la-rentree-et-quelques-souvenirs-de-lete\/\",\"name\":\"La rentr\u00e9e et quelques souvenirs de l'\u00e9t\u00e9 - Si le Japon m&#039;\u00e9tait cont\u00e9\",\"isPartOf\":{\"@id\":\"https:\/\/silejapon-m-etaitconte.com\/#website\"},\"datePublished\":\"2022-09-11T14:41:05+00:00\",\"dateModified\":\"2022-09-11T14:41:05+00:00\",\"breadcrumb\":{\"@id\":\"https:\/\/silejapon-m-etaitconte.com\/index.php\/2022\/09\/11\/la-rentree-et-quelques-souvenirs-de-lete\/#breadcrumb\"},\"inLanguage\":\"fr-FR\",\"potentialAction\":[{\"@type\":\"ReadAction\",\"target\":[\"https:\/\/silejapon-m-etaitconte.com\/index.php\/2022\/09\/11\/la-rentree-et-quelques-souvenirs-de-lete\/\"]}]},{\"@type\":\"BreadcrumbList\",\"@id\":\"https:\/\/silejapon-m-etaitconte.com\/index.php\/2022\/09\/11\/la-rentree-et-quelques-souvenirs-de-lete\/#breadcrumb\",\"itemListElement\":[{\"@type\":\"ListItem\",\"position\":1,\"name\":\"Accueil\",\"item\":\"https:\/\/silejapon-m-etaitconte.com\/\"},{\"@type\":\"ListItem\",\"position\":2,\"name\":\"La rentr\u00e9e et quelques souvenirs de l&rsquo;\u00e9t\u00e9\"}]},{\"@type\":\"WebSite\",\"@id\":\"https:\/\/silejapon-m-etaitconte.com\/#website\",\"url\":\"https:\/\/silejapon-m-etaitconte.com\/\",\"name\":\"Si le Japon m'\u00e9tait cont\u00e9\",\"description\":\"Une passerelle entre la France et le Japon\",\"publisher\":{\"@id\":\"https:\/\/silejapon-m-etaitconte.com\/#organization\"},\"potentialAction\":[{\"@type\":\"SearchAction\",\"target\":{\"@type\":\"EntryPoint\",\"urlTemplate\":\"https:\/\/silejapon-m-etaitconte.com\/?s={search_term_string}\"},\"query-input\":\"required name=search_term_string\"}],\"inLanguage\":\"fr-FR\"},{\"@type\":\"Organization\",\"@id\":\"https:\/\/silejapon-m-etaitconte.com\/#organization\",\"name\":\"Si le Japon m'\u00e9tait cont\u00e9\",\"url\":\"https:\/\/silejapon-m-etaitconte.com\/\",\"logo\":{\"@type\":\"ImageObject\",\"inLanguage\":\"fr-FR\",\"@id\":\"https:\/\/silejapon-m-etaitconte.com\/#\/schema\/logo\/image\/\",\"url\":\"https:\/\/silejapon-m-etaitconte.com\/wp-content\/uploads\/2022\/02\/logo_long.jpg\",\"contentUrl\":\"https:\/\/silejapon-m-etaitconte.com\/wp-content\/uploads\/2022\/02\/logo_long.jpg\",\"width\":2444,\"height\":390,\"caption\":\"Si le Japon m'\u00e9tait cont\u00e9\"},\"image\":{\"@id\":\"https:\/\/silejapon-m-etaitconte.com\/#\/schema\/logo\/image\/\"},\"sameAs\":[\"https:\/\/www.facebook.com\/people\/Si-le-Japon-mtait-cont\/100081623407869\/\"]},{\"@type\":\"Person\",\"@id\":\"https:\/\/silejapon-m-etaitconte.com\/#\/schema\/person\/ba7e7b3d19a2ee4ad8b2fe9e66825510\",\"name\":\"admin4454\",\"image\":{\"@type\":\"ImageObject\",\"inLanguage\":\"fr-FR\",\"@id\":\"https:\/\/silejapon-m-etaitconte.com\/#\/schema\/person\/image\/\",\"url\":\"https:\/\/secure.gravatar.com\/avatar\/40ae7b85d47b326667fa670480e8fb7deb0882c6ce088e74e39c5c257a4b8316?s=96&d=mm&r=g\",\"contentUrl\":\"https:\/\/secure.gravatar.com\/avatar\/40ae7b85d47b326667fa670480e8fb7deb0882c6ce088e74e39c5c257a4b8316?s=96&d=mm&r=g\",\"caption\":\"admin4454\"},\"url\":\"https:\/\/silejapon-m-etaitconte.com\/index.php\/author\/admin4454\/\"}]}<\/script>\n<!-- \/ Yoast SEO plugin. -->","yoast_head_json":{"title":"La rentr\u00e9e et quelques souvenirs de l'\u00e9t\u00e9 - Si le Japon m&#039;\u00e9tait cont\u00e9","robots":{"index":"index","follow":"follow","max-snippet":"max-snippet:-1","max-image-preview":"max-image-preview:large","max-video-preview":"max-video-preview:-1"},"canonical":"https:\/\/silejapon-m-etaitconte.com\/index.php\/2022\/09\/11\/la-rentree-et-quelques-souvenirs-de-lete\/","og_locale":"fr_FR","og_type":"article","og_title":"La rentr\u00e9e et quelques souvenirs de l'\u00e9t\u00e9 - Si le Japon m&#039;\u00e9tait cont\u00e9","og_description":"A cette rentr\u00e9e, Si le Japon m&rsquo;\u00e9tait cont\u00e9 a d\u00e9m\u00e9nag\u00e9 \u00e0 Prades !!! Vous trouverez ci-dessous les programmes des cours de japonais et des ateliers de dessin manga. cours et ateliers Les autres ateliers tel que le shod\u00f4 (calligraphie japonaise), la reliure japonaise, l&rsquo;origami, le ha\u00efku etc&#8230;, seront organis\u00e9s ponctuellement selon les demandes que nous recevons. N&rsquo;h\u00e9sitez donc pas \u00e0 nous envoyer vos demandes par e-mails ou en utilisant le commentaire du ce site. Pendant l&rsquo;\u00e9t\u00e9 les activit\u00e9s de Si le Japon m&rsquo;\u00e9tait cont\u00e9 ont \u00e9t\u00e9 r\u00e9duites mais nous vous racontons ici quelques souvenir de cet \u00e9t\u00e9. Cet \u00e9t\u00e9 aussi","og_url":"https:\/\/silejapon-m-etaitconte.com\/index.php\/2022\/09\/11\/la-rentree-et-quelques-souvenirs-de-lete\/","og_site_name":"Si le Japon m&#039;\u00e9tait cont\u00e9","article_publisher":"https:\/\/www.facebook.com\/people\/Si-le-Japon-mtait-cont\/100081623407869\/","article_published_time":"2022-09-11T14:41:05+00:00","author":"admin4454","twitter_card":"summary_large_image","twitter_image":"https:\/\/silejapon-m-etaitconte.com\/wp-content\/uploads\/2022\/09\/flyer-2022-pdf.jpg","twitter_misc":{"\u00c9crit par":"admin4454","Dur\u00e9e de lecture estim\u00e9e":"1 minute"},"schema":{"@context":"https:\/\/schema.org","@graph":[{"@type":"Article","@id":"https:\/\/silejapon-m-etaitconte.com\/index.php\/2022\/09\/11\/la-rentree-et-quelques-souvenirs-de-lete\/#article","isPartOf":{"@id":"https:\/\/silejapon-m-etaitconte.com\/index.php\/2022\/09\/11\/la-rentree-et-quelques-souvenirs-de-lete\/"},"author":{"name":"admin4454","@id":"https:\/\/silejapon-m-etaitconte.com\/#\/schema\/person\/ba7e7b3d19a2ee4ad8b2fe9e66825510"},"headline":"La rentr\u00e9e et quelques souvenirs de l&rsquo;\u00e9t\u00e9","datePublished":"2022-09-11T14:41:05+00:00","dateModified":"2022-09-11T14:41:05+00:00","mainEntityOfPage":{"@id":"https:\/\/silejapon-m-etaitconte.com\/index.php\/2022\/09\/11\/la-rentree-et-quelques-souvenirs-de-lete\/"},"wordCount":305,"publisher":{"@id":"https:\/\/silejapon-m-etaitconte.com\/#organization"},"articleSection":["Ev\u00e8nements"],"inLanguage":"fr-FR"},{"@type":"WebPage","@id":"https:\/\/silejapon-m-etaitconte.com\/index.php\/2022\/09\/11\/la-rentree-et-quelques-souvenirs-de-lete\/","url":"https:\/\/silejapon-m-etaitconte.com\/index.php\/2022\/09\/11\/la-rentree-et-quelques-souvenirs-de-lete\/","name":"La rentr\u00e9e et quelques souvenirs de l'\u00e9t\u00e9 - Si le Japon m&#039;\u00e9tait cont\u00e9","isPartOf":{"@id":"https:\/\/silejapon-m-etaitconte.com\/#website"},"datePublished":"2022-09-11T14:41:05+00:00","dateModified":"2022-09-11T14:41:05+00:00","breadcrumb":{"@id":"https:\/\/silejapon-m-etaitconte.com\/index.php\/2022\/09\/11\/la-rentree-et-quelques-souvenirs-de-lete\/#breadcrumb"},"inLanguage":"fr-FR","potentialAction":[{"@type":"ReadAction","target":["https:\/\/silejapon-m-etaitconte.com\/index.php\/2022\/09\/11\/la-rentree-et-quelques-souvenirs-de-lete\/"]}]},{"@type":"BreadcrumbList","@id":"https:\/\/silejapon-m-etaitconte.com\/index.php\/2022\/09\/11\/la-rentree-et-quelques-souvenirs-de-lete\/#breadcrumb","itemListElement":[{"@type":"ListItem","position":1,"name":"Accueil","item":"https:\/\/silejapon-m-etaitconte.com\/"},{"@type":"ListItem","position":2,"name":"La rentr\u00e9e et quelques souvenirs de l&rsquo;\u00e9t\u00e9"}]},{"@type":"WebSite","@id":"https:\/\/silejapon-m-etaitconte.com\/#website","url":"https:\/\/silejapon-m-etaitconte.com\/","name":"Si le Japon m'\u00e9tait cont\u00e9","description":"Une passerelle entre la France et le Japon","publisher":{"@id":"https:\/\/silejapon-m-etaitconte.com\/#organization"},"potentialAction":[{"@type":"SearchAction","target":{"@type":"EntryPoint","urlTemplate":"https:\/\/silejapon-m-etaitconte.com\/?s={search_term_string}"},"query-input":"required name=search_term_string"}],"inLanguage":"fr-FR"},{"@type":"Organization","@id":"https:\/\/silejapon-m-etaitconte.com\/#organization","name":"Si le Japon m'\u00e9tait cont\u00e9","url":"https:\/\/silejapon-m-etaitconte.com\/","logo":{"@type":"ImageObject","inLanguage":"fr-FR","@id":"https:\/\/silejapon-m-etaitconte.com\/#\/schema\/logo\/image\/","url":"https:\/\/silejapon-m-etaitconte.com\/wp-content\/uploads\/2022\/02\/logo_long.jpg","contentUrl":"https:\/\/silejapon-m-etaitconte.com\/wp-content\/uploads\/2022\/02\/logo_long.jpg","width":2444,"height":390,"caption":"Si le Japon m'\u00e9tait cont\u00e9"},"image":{"@id":"https:\/\/silejapon-m-etaitconte.com\/#\/schema\/logo\/image\/"},"sameAs":["https:\/\/www.facebook.com\/people\/Si-le-Japon-mtait-cont\/100081623407869\/"]},{"@type":"Person","@id":"https:\/\/silejapon-m-etaitconte.com\/#\/schema\/person\/ba7e7b3d19a2ee4ad8b2fe9e66825510","name":"admin4454","image":{"@type":"ImageObject","inLanguage":"fr-FR","@id":"https:\/\/silejapon-m-etaitconte.com\/#\/schema\/person\/image\/","url":"https:\/\/secure.gravatar.com\/avatar\/40ae7b85d47b326667fa670480e8fb7deb0882c6ce088e74e39c5c257a4b8316?s=96&d=mm&r=g","contentUrl":"https:\/\/secure.gravatar.com\/avatar\/40ae7b85d47b326667fa670480e8fb7deb0882c6ce088e74e39c5c257a4b8316?s=96&d=mm&r=g","caption":"admin4454"},"url":"https:\/\/silejapon-m-etaitconte.com\/index.php\/author\/admin4454\/"}]}},"_links":{"self":[{"href":"https:\/\/silejapon-m-etaitconte.com\/index.php\/wp-json\/wp\/v2\/posts\/1114","targetHints":{"allow":["GET"]}}],"collection":[{"href":"https:\/\/silejapon-m-etaitconte.com\/index.php\/wp-json\/wp\/v2\/posts"}],"about":[{"href":"https:\/\/silejapon-m-etaitconte.com\/index.php\/wp-json\/wp\/v2\/types\/post"}],"author":[{"embeddable":true,"href":"https:\/\/silejapon-m-etaitconte.com\/index.php\/wp-json\/wp\/v2\/users\/1"}],"replies":[{"embeddable":true,"href":"https:\/\/silejapon-m-etaitconte.com\/index.php\/wp-json\/wp\/v2\/comments?post=1114"}],"version-history":[{"count":4,"href":"https:\/\/silejapon-m-etaitconte.com\/index.php\/wp-json\/wp\/v2\/posts\/1114\/revisions"}],"predecessor-version":[{"id":1119,"href":"https:\/\/silejapon-m-etaitconte.com\/index.php\/wp-json\/wp\/v2\/posts\/1114\/revisions\/1119"}],"wp:featuredmedia":[{"embeddable":true,"href":"https:\/\/silejapon-m-etaitconte.com\/index.php\/wp-json\/wp\/v2\/media\/1120"}],"wp:attachment":[{"href":"https:\/\/silejapon-m-etaitconte.com\/index.php\/wp-json\/wp\/v2\/media?parent=1114"}],"wp:term":[{"taxonomy":"category","embeddable":true,"href":"https:\/\/silejapon-m-etaitconte.com\/index.php\/wp-json\/wp\/v2\/categories?post=1114"},{"taxonomy":"post_tag","embeddable":true,"href":"https:\/\/silejapon-m-etaitconte.com\/index.php\/wp-json\/wp\/v2\/tags?post=1114"}],"curies":[{"name":"wp","href":"https:\/\/api.w.org\/{rel}","templated":true}]}}